{"id":1252584,"date":"2023-04-13T19:16:51","date_gmt":"2023-04-14T00:16:51","guid":{"rendered":"https:\/\/www.acapulcopress.com\/?p=1252584"},"modified":"2023-04-13T19:16:51","modified_gmt":"2023-04-14T00:16:51","slug":"iniciaron-pruebas-preliminares-para-dragado-de-la-laguna-de-tuxpan","status":"publish","type":"post","link":"https:\/\/www.acapulcopress.com\/index.php\/2023\/04\/13\/iniciaron-pruebas-preliminares-para-dragado-de-la-laguna-de-tuxpan\/","title":{"rendered":"Iniciaron pruebas preliminares para dragado de la Laguna de Tuxpan"},"content":{"rendered":"<p style=\"text-align: justify;\">CHILPANCINGO * 13 de abril de 2023.<br \/>\n<em>) Gobierno de Guerrero<\/em><br \/>\nIniciaron las pruebas para el dragado de la Laguna de Tuxpan que llevar\u00e1 a cabo la Secretar\u00eda de Marina (Semar), por lo que se realizaron recorridos y reuniones ciudadanas <img loading=\"lazy\" decoding=\"async\" class=\"alignleft size-medium wp-image-1252588\" src=\"https:\/\/www.acapulcopress.com\/wp-content\/uploads\/2023\/04\/Laguna-de-Tuxpan4-375x281.jpg\" alt=\"\" width=\"375\" height=\"281\" \/>informativas para proponer y definir los sitios para el retiro y disposici\u00f3n de sedimentos que se extraer\u00e1n para el rescate lagunar.<\/p>\n<p style=\"text-align: justify;\">El gobierno del estado, por medio de la Comisi\u00f3n de Agua Potable, Alcantarillado y Saneamiento del Estado de Guerrero (CAPASEG) y de la Secretar\u00eda de Medio Ambiente y Recursos Naturales (Semaren), en coordinaci\u00f3n con autoridades municipales y ejidales de Tuxpan, recorrieron el primer cuadrante de trabajo donde se instal\u00f3 la tuber\u00eda flotante y la draga anfibia de la Semar, donde ya se realizan las pruebas preliminares para arrancar en breve el dragado de la laguna.<\/p>\n<p style=\"text-align: justify;\">El Director General de la CAPASEG, Facundo Gast\u00e9lum, durante el recorrido inform\u00f3 que la instrucci\u00f3n de la gobernadora, Evelyn Salgado Pineda, es estar pendiente, apoyar al <img loading=\"lazy\" decoding=\"async\" class=\"alignleft size-medium wp-image-1252591\" src=\"https:\/\/www.acapulcopress.com\/wp-content\/uploads\/2023\/04\/Laguna-de-Tuxpan7-375x281.jpg\" alt=\"\" width=\"375\" height=\"281\" \/>personal de la Marina en la preparaci\u00f3n y el proceso de dragado, porque este cuerpo lagunar se encuentra muy azolvado, es una prioridad su rescate y conservaci\u00f3n para fomentar el desarrollo en este municipio tan importante de la regi\u00f3n Norte del estado.<\/p>\n<p style=\"text-align: justify;\">Gast\u00e9lum F\u00e9lix, destac\u00f3 que se trabaja de manera coordinada con el gobierno municipal de Iguala, las dependencias federales y estatales como Semarnat, Semaren y Propaeg, as\u00ed como con las autoridades de la comunidad, los productores y ejidatarios, por lo que tambi\u00e9n se realiz\u00f3 un recorrido en los alrededores de la laguna para definir los puntos m\u00e1s factibles para el dep\u00f3sito y disposici\u00f3n del material que ser\u00e1 retirado.<\/p>\n<p style=\"text-align: justify;\">Por lo anterior, se llev\u00f3 a cabo una reuni\u00f3n informativa con autoridades de la comunidad, <img loading=\"lazy\" decoding=\"async\" class=\"alignleft size-medium wp-image-1252586\" src=\"https:\/\/www.acapulcopress.com\/wp-content\/uploads\/2023\/04\/Laguna-de-Tuxpan2-375x281.jpg\" alt=\"\" width=\"375\" height=\"281\" \/>municipales y ejidales, donde se acord\u00f3 con los ciudadanos cuales ser\u00e1n los terrenos donde se depositar\u00e1 y dispondr\u00e1 del material de azolve, adem\u00e1s de informarles que se esta trabajando en los estudios ambientales correspondientes para cumplir con todos los lineamientos establecidos y realizar de manera adecuada y oportuna estas actividades que acertadamente han gestionado e impulsado los tres niveles\u00a0de\u00a0gobierno.<\/p>\n<p style=\"text-align: justify;\"><em>) S\u00edguenos en nuestra p\u00e1gina Facebook | @<a href=\"https:\/\/www.facebook.com\/acapulcopress.news\" target=\"_blank\" rel=\"noopener\">Acapulco Press<\/a><\/em><\/p>\n","protected":false},"excerpt":{"rendered":"<p>CHILPANCINGO * 13 de abril de 2023. ) Gobierno de Guerrero Iniciaron las pruebas para el dragado de la Laguna de Tuxpan que llevar\u00e1 a cabo la Secretar\u00eda de Marina (Semar), por lo que se realizaron recorridos y reuniones ciudadanas informativas para proponer y definir los sitios para el retiro y disposici\u00f3n de sedimentos que&#8230;<\/p>\n","protected":false},"author":2,"featured_media":1252589,"comment_status":"closed","ping_status":"closed","sticky":false,"template":"","format":"standard","meta":{"footnotes":""},"categories":[1983,18561],"tags":[5115,8345,11668,15089,16461,16462],"class_list":["post-1252584","post","type-post","status-publish","format-standard","has-post-thumbnail","hentry","category-guerrerogob","category-society-politics","tag-capaseg","tag-facundo-gastelum","tag-laguna-de-tuxpan","tag-propaeg","tag-semaren","tag-semarnat"],"_links":{"self":[{"href":"https:\/\/www.acapulcopress.com\/index.php\/wp-json\/wp\/v2\/posts\/1252584","targetHints":{"allow":["GET"]}}],"collection":[{"href":"https:\/\/www.acapulcopress.com\/index.php\/wp-json\/wp\/v2\/posts"}],"about":[{"href":"https:\/\/www.acapulcopress.com\/index.php\/wp-json\/wp\/v2\/types\/post"}],"author":[{"embeddable":true,"href":"https:\/\/www.acapulcopress.com\/index.php\/wp-json\/wp\/v2\/users\/2"}],"replies":[{"embeddable":true,"href":"https:\/\/www.acapulcopress.com\/index.php\/wp-json\/wp\/v2\/comments?post=1252584"}],"version-history":[{"count":0,"href":"https:\/\/www.acapulcopress.com\/index.php\/wp-json\/wp\/v2\/posts\/1252584\/revisions"}],"wp:featuredmedia":[{"embeddable":true,"href":"https:\/\/www.acapulcopress.com\/index.php\/wp-json\/"}],"wp:attachment":[{"href":"https:\/\/www.acapulcopress.com\/index.php\/wp-json\/wp\/v2\/media?parent=1252584"}],"wp:term":[{"taxonomy":"category","embeddable":true,"href":"https:\/\/www.acapulcopress.com\/index.php\/wp-json\/wp\/v2\/categories?post=1252584"},{"taxonomy":"post_tag","embeddable":true,"href":"https:\/\/www.acapulcopress.com\/index.php\/wp-json\/wp\/v2\/tags?post=1252584"}],"curies":[{"name":"wp","href":"https:\/\/api.w.org\/{rel}","templated":true}]}}