{"id":1252593,"date":"2023-04-13T19:33:13","date_gmt":"2023-04-14T00:33:13","guid":{"rendered":"https:\/\/www.acapulcopress.com\/?p=1252593"},"modified":"2023-04-13T19:33:13","modified_gmt":"2023-04-14T00:33:13","slug":"gobernadora-analizo-resultados-y-avances-de-programas-turisticos-sociales-y-de-seguridad","status":"publish","type":"post","link":"https:\/\/www.acapulcopress.com\/index.php\/2023\/04\/13\/gobernadora-analizo-resultados-y-avances-de-programas-turisticos-sociales-y-de-seguridad\/","title":{"rendered":"Gobernadora analiz\u00f3 resultados y avances de programas tur\u00edsticos, sociales y de seguridad"},"content":{"rendered":"<p style=\"text-align: justify;\">CHILPANCINGO * 13 de abril de 2023.<br \/>\n<em>) Gobierno de Guerrero<\/em><br \/>\n<img loading=\"lazy\" decoding=\"async\" class=\"alignleft size-medium wp-image-1252594\" src=\"https:\/\/www.acapulcopress.com\/wp-content\/uploads\/2023\/04\/evelyn.sectur-375x250.jpg\" alt=\"\" width=\"375\" height=\"250\" \/>Desde su oficina en la <em>Casa del Pueblo<\/em>, la gobernadora <a href=\"https:\/\/www.facebook.com\/EvelynSalgadoP\" target=\"_blank\" rel=\"noopener\">Evelyn Salgado Pineda<\/a> sostuvo una reuni\u00f3n con el titular de <a href=\"https:\/\/www.facebook.com\/SecturGuerrero\" target=\"_blank\" rel=\"noopener\">Sectur<\/a> Guerrero, Santos Ram\u00edrez Cuevas; la presidenta honoraria del sistema <a href=\"https:\/\/www.facebook.com\/SistemaDIFGuerrero\" target=\"_blank\" rel=\"noopener\">DIF Guerrero<\/a>,<a href=\"https:\/\/www.facebook.com\/LizSalgadoP\" target=\"_blank\" rel=\"noopener\"> Liz Salgado Pineda<\/a>, y el secretario t\u00e9cnico del Ejecutivo Estatal, <a href=\"https:\/\/www.facebook.com\/pabloandrego\" target=\"_blank\" rel=\"noopener\">Pablo Gordillo<\/a>, con quien abord\u00f3 importantes temas como los resultados del primer periodo vacacional de Semana Santa 2023, los eventos pr\u00f3ximos a realizarse por los festejos del <em>D\u00eda de la Ni\u00f1ez<\/em> y los avances en la efectividad del Protocolo \u00abVioleta\u00bb.<\/p>\n<p><em>) S\u00edguenos en nuestra p\u00e1gina Facebook | @<a href=\"https:\/\/www.facebook.com\/acapulcopress.news\" target=\"_blank\" rel=\"noopener\">Acapulco Press<\/a><\/em><\/p>\n","protected":false},"excerpt":{"rendered":"<p>CHILPANCINGO * 13 de abril de 2023. ) Gobierno de Guerrero Desde su oficina en la Casa del Pueblo, la gobernadora Evelyn Salgado Pineda sostuvo una reuni\u00f3n con el titular de Sectur Guerrero, Santos Ram\u00edrez Cuevas; la presidenta honoraria del sistema DIF Guerrero, Liz Salgado Pineda, y el secretario t\u00e9cnico del Ejecutivo Estatal, Pablo Gordillo,&#8230;<\/p>\n","protected":false},"author":2,"featured_media":1252595,"comment_status":"closed","ping_status":"closed","sticky":false,"template":"","format":"standard","meta":{"footnotes":""},"categories":[1983,18561],"tags":[5350,7313,8251,12012,15109,16336,16450],"class_list":["post-1252593","post","type-post","status-publish","format-standard","has-post-thumbnail","hentry","category-guerrerogob","category-society-politics","tag-casa-del-pueblo","tag-dif-guerrero","tag-evelyn-salgado-pineda","tag-liz-salgado-pineda","tag-protocolo-violeta","tag-sectur-guerrero","tag-semana-santa-2023"],"_links":{"self":[{"href":"https:\/\/www.acapulcopress.com\/index.php\/wp-json\/wp\/v2\/posts\/1252593","targetHints":{"allow":["GET"]}}],"collection":[{"href":"https:\/\/www.acapulcopress.com\/index.php\/wp-json\/wp\/v2\/posts"}],"about":[{"href":"https:\/\/www.acapulcopress.com\/index.php\/wp-json\/wp\/v2\/types\/post"}],"author":[{"embeddable":true,"href":"https:\/\/www.acapulcopress.com\/index.php\/wp-json\/wp\/v2\/users\/2"}],"replies":[{"embeddable":true,"href":"https:\/\/www.acapulcopress.com\/index.php\/wp-json\/wp\/v2\/comments?post=1252593"}],"version-history":[{"count":0,"href":"https:\/\/www.acapulcopress.com\/index.php\/wp-json\/wp\/v2\/posts\/1252593\/revisions"}],"wp:featuredmedia":[{"embeddable":true,"href":"https:\/\/www.acapulcopress.com\/index.php\/wp-json\/"}],"wp:attachment":[{"href":"https:\/\/www.acapulcopress.com\/index.php\/wp-json\/wp\/v2\/media?parent=1252593"}],"wp:term":[{"taxonomy":"category","embeddable":true,"href":"https:\/\/www.acapulcopress.com\/index.php\/wp-json\/wp\/v2\/categories?post=1252593"},{"taxonomy":"post_tag","embeddable":true,"href":"https:\/\/www.acapulcopress.com\/index.php\/wp-json\/wp\/v2\/tags?post=1252593"}],"curies":[{"name":"wp","href":"https:\/\/api.w.org\/{rel}","templated":true}]}}