{"id":1252622,"date":"2023-04-14T20:49:29","date_gmt":"2023-04-15T01:49:29","guid":{"rendered":"https:\/\/www.acapulcopress.com\/?p=1252622"},"modified":"2023-04-14T20:49:29","modified_gmt":"2023-04-15T01:49:29","slug":"voy-a-matar-a-mi-papa-declaraciones-de-jcchavez-jr-tras-abandonar-anexo","status":"publish","type":"post","link":"https:\/\/www.acapulcopress.com\/index.php\/2023\/04\/14\/voy-a-matar-a-mi-papa-declaraciones-de-jcchavez-jr-tras-abandonar-anexo\/","title":{"rendered":"\u00abVoy a matar a mi pap\u00e1\u00bb | Declaraciones de JCCh\u00e1vez Jr tras abandonar anexo"},"content":{"rendered":"<p style=\"text-align: justify;\">CIUDAD DE M\u00c9XICO * 14 de abril de 2023.<br \/>\n<em>) <a href=\"https:\/\/laredodaily.news\/julio-cesar-chavez-jr-y-una-fuerte-confesion-tras-abandonar-el-anexo-cuando-salga-voy-a-matar-a-mi-padre\/\" target=\"_blank\" rel=\"noopener\">Laredo Daily<\/a><\/em><br \/>\nLa vida de un boxeador profesional no es sencilla y el estar expuesto a los reflectores, excesos y lujos puede terminar mal si el atleta no logra centrarse. As\u00ed le pas\u00f3 a Julio C\u00e9sar Ch\u00e1vez Jr., hijo de la leyenda del boxeo mexicano que, despu\u00e9s de un a\u00f1o en un centro de rehabilitaci\u00f3n, cont\u00f3 c\u00f3mo fue su experiencia.<\/p>\n<p style=\"text-align: justify;\">Durante una conversaci\u00f3n con Marco Antonio Barrera en el podcast \u2018Un Round M\u00e1s\u2019, Ch\u00e1vez confes\u00f3 las dificultades que tuvo que superar el tiempo que estuvo recuper\u00e1ndose de su adicci\u00f3n a las drogas y el alcohol.<\/p>\n<p style=\"text-align: justify;\">\u201cEstuve un a\u00f1o en el lugar donde estuvo mi pap\u00e1, un a\u00f1o anexado; tuve un proceso, un tratamiento y pues me cay\u00f3 como balde de agua helada porque nunca pens\u00e9 estar en un lugar as\u00ed, pero siempre he pensado que las cosas hay que tomarlas para algo bueno, al principio dec\u00eda est\u00e1 bien gacho esta madre, cuando salga voy a matar a mi pap\u00e1, a todos los que me metieron aqu\u00ed\u201d, declar\u00f3.<\/p>\n<p style=\"text-align: justify;\">Adem\u00e1s del rencor hacia su padre y las personas que lo llevaron al anexo para que recupere su vida, el p\u00fagil mexicano revel\u00f3 que, estar encerado en esta clase de lugares le hizo sentir que estaba viviendo un verdadero infierno, donde no sab\u00eda si segu\u00eda vivo o muerto.<\/p>\n<p style=\"text-align: justify;\">\u201cLo m\u00e1s dif\u00edcil es tambi\u00e9n estar encerrado, pensaba \u2018a lo mejor ya estoy muerto, y no me he dado cuenta\u2019, te juro que llegu\u00e9 a pensar que estaba en el purgatorio, no manches es algo incre\u00edble, no te puedes imaginar, llega un momento en que te cuestionas si mereces esto, pero no, aqu\u00ed sigo todav\u00eda\u201d agreg\u00f3.<\/p>\n<p style=\"text-align: justify;\">Finalmente, Julio se recuper\u00f3, sali\u00f3 de rehabilitaci\u00f3n y su carrera est\u00e1 lista para tomar otro rumbo. Hace unos meses, el gran Julio C\u00e9sar Ch\u00e1vez admiti\u00f3 que, en caso de realizar una exhibici\u00f3n con sus hijos, ser\u00eda la primera vez que los tres est\u00e9n completamente sobrios en un combate.<\/p>\n<p style=\"text-align: justify;\">\u201cTom\u00e9 las cosas para bien, sal\u00ed motivado a entrenar para continuar con mi carrera, porque esa fue la motivaci\u00f3n, te comparto que yo no tomaba ni me drogaba, usaba muchas pastillas para bajar de peso y se me convirti\u00f3 en un problema, quer\u00eda tomar m\u00e1s y m\u00e1s y me estaban haciendo da\u00f1o\u201d concluy\u00f3.<\/p>\n<p style=\"text-align: justify;\"><em>) S\u00edguenos en nuestra p\u00e1gina Facebook\/@<a href=\"https:\/\/www.facebook.com\/acapulcopress.news\" target=\"_blank\" rel=\"noopener\">Acapulco Press<\/a><\/em><\/p>\n","protected":false},"excerpt":{"rendered":"<p>CIUDAD DE M\u00c9XICO * 14 de abril de 2023. ) Laredo Daily La vida de un boxeador profesional no es sencilla y el estar expuesto a los reflectores, excesos y lujos puede terminar mal si el atleta no logra centrarse. As\u00ed le pas\u00f3 a Julio C\u00e9sar Ch\u00e1vez Jr., hijo de la leyenda del boxeo mexicano&#8230;<\/p>\n","protected":false},"author":2,"featured_media":1252623,"comment_status":"closed","ping_status":"closed","sticky":false,"template":"","format":"standard","meta":{"footnotes":""},"categories":[1972,1988,18566],"tags":[11325,11326,12465],"class_list":["post-1252622","post","type-post","status-publish","format-standard","has-post-thumbnail","hentry","category-special","category-lifestyles","category-sports-lifestyles","tag-julio-cesar-chavez","tag-julio-cesar-chavez-jr","tag-marco-antonio-barrera"],"_links":{"self":[{"href":"https:\/\/www.acapulcopress.com\/index.php\/wp-json\/wp\/v2\/posts\/1252622","targetHints":{"allow":["GET"]}}],"collection":[{"href":"https:\/\/www.acapulcopress.com\/index.php\/wp-json\/wp\/v2\/posts"}],"about":[{"href":"https:\/\/www.acapulcopress.com\/index.php\/wp-json\/wp\/v2\/types\/post"}],"author":[{"embeddable":true,"href":"https:\/\/www.acapulcopress.com\/index.php\/wp-json\/wp\/v2\/users\/2"}],"replies":[{"embeddable":true,"href":"https:\/\/www.acapulcopress.com\/index.php\/wp-json\/wp\/v2\/comments?post=1252622"}],"version-history":[{"count":0,"href":"https:\/\/www.acapulcopress.com\/index.php\/wp-json\/wp\/v2\/posts\/1252622\/revisions"}],"wp:featuredmedia":[{"embeddable":true,"href":"https:\/\/www.acapulcopress.com\/index.php\/wp-json\/"}],"wp:attachment":[{"href":"https:\/\/www.acapulcopress.com\/index.php\/wp-json\/wp\/v2\/media?parent=1252622"}],"wp:term":[{"taxonomy":"category","embeddable":true,"href":"https:\/\/www.acapulcopress.com\/index.php\/wp-json\/wp\/v2\/categories?post=1252622"},{"taxonomy":"post_tag","embeddable":true,"href":"https:\/\/www.acapulcopress.com\/index.php\/wp-json\/wp\/v2\/tags?post=1252622"}],"curies":[{"name":"wp","href":"https:\/\/api.w.org\/{rel}","templated":true}]}}