{"id":1252628,"date":"2023-04-14T21:14:38","date_gmt":"2023-04-15T02:14:38","guid":{"rendered":"https:\/\/www.acapulcopress.com\/?p=1252628"},"modified":"2023-04-14T21:14:38","modified_gmt":"2023-04-15T02:14:38","slug":"gobierno-de-guerrero-y-el-iepc-trabajaran-unidos-en-la-educacion-civica-electoral","status":"publish","type":"post","link":"https:\/\/www.acapulcopress.com\/index.php\/2023\/04\/14\/gobierno-de-guerrero-y-el-iepc-trabajaran-unidos-en-la-educacion-civica-electoral\/","title":{"rendered":"Gobierno de Guerrero y el IEPC trabajar\u00e1n unidos en la educaci\u00f3n c\u00edvica electoral"},"content":{"rendered":"<p style=\"text-align: justify;\">CHILPANCINGO * 14 de abril de 2023.<br \/>\n<em>) Gobierno de Guerrero<\/em><br \/>\nEl <a href=\"https:\/\/www.facebook.com\/GobiernoGuerrero\" target=\"_blank\" rel=\"noopener\">Gobierno de Guerrero<\/a> y el <a href=\"https:\/\/www.facebook.com\/iepcgro\" target=\"_blank\" rel=\"noopener\">Instituto Electoral y de Participaci\u00f3n Ciudadana<\/a> (IEPC) firmaron un convenio de coordinaci\u00f3n para capacitar a las autoridades municipales y <img loading=\"lazy\" decoding=\"async\" class=\"alignleft size-medium wp-image-1252630\" src=\"https:\/\/www.acapulcopress.com\/wp-content\/uploads\/2023\/04\/iepcgro2-375x250.jpg\" alt=\"\" width=\"375\" height=\"250\" \/>difundir la cultura c\u00edvica electoral, como principios fundamentales de la cultura democr\u00e1tica.<\/p>\n<p style=\"text-align: justify;\">La firma del convenio se realiz\u00f3 en el Palacio de Gobierno y en representaci\u00f3n del gobierno estatal, asisti\u00f3 la subsecretaria de Gobierno, Asuntos Jur\u00eddicos y Derechos Humanos, <a href=\"https:\/\/www.facebook.com\/anacleta.lopezvega\" target=\"_blank\" rel=\"noopener\">Anacleta L\u00f3pez Vega<\/a>, quien explic\u00f3 que este acuerdo tiene como base el fortalecimiento de la democracia y la difusi\u00f3n de los derechos pol\u00edticos electorales con perspectiva de g\u00e9nero; el acuerdo pretende establecer las bases de coordinaci\u00f3n y apoyo entre el Gobierno del Estado y el IEPC.<\/p>\n<p style=\"text-align: justify;\">Lo anterior para dar promoci\u00f3n a los procesos electivos de los ayuntamientos y fomentar la participaci\u00f3n ciudadana; para ello, la Secretar\u00eda General de Gobierno a trav\u00e9s de la <img loading=\"lazy\" decoding=\"async\" class=\"alignleft size-medium wp-image-1252631\" src=\"https:\/\/www.acapulcopress.com\/wp-content\/uploads\/2023\/04\/iepcgro3-375x250.jpg\" alt=\"\" width=\"375\" height=\"250\" \/>Coordinaci\u00f3n General de Fortalecimiento Municipal a cargo de Anabel Balbuena Lara, realizar\u00e1 capacitaciones, asesor\u00edas, apoyo en los procesos electivos de las comisar\u00edas, y asistencia t\u00e9cnica de los reglamentos y leyes vigentes en materia electoral a los ayuntamientos, as\u00ed como conversatorios p\u00fablicos, talleres y promoci\u00f3n a la ciudadan\u00eda para incentivar y acercar los procesos de participaci\u00f3n pol\u00edtica y cultura democr\u00e1tica con perspectiva de g\u00e9nero.<\/p>\n<p style=\"text-align: justify;\">En la firma del convenio la consejera presidenta del IEPC Luz Fabiola Matilde Gama, asumi\u00f3 el compromiso de promover la educaci\u00f3n c\u00edvica en el ejercicio de los derechos pol\u00edticos electorales y trabajar estrechamente con la coordinaci\u00f3n para capacitar a los facilitadores y notificar las solicitudes de mecanismo de participaci\u00f3n ciudadana que se presenten en ese organismo electoral.<\/p>\n<p style=\"text-align: justify;\">L\u00f3pez Vega extern\u00f3 el firme compromiso del gobierno de la transformaci\u00f3n para promover y respetar los procesos democr\u00e1ticos y velar por los derechos humanos de la poblaci\u00f3n guerrerense, como los relacionados con el ejercicio del derecho a la elecci\u00f3n popular.<\/p>\n<p style=\"text-align: justify;\">A esta firma de colaboraci\u00f3n, asistieron el secretario ejecutivo, Pedro Pablo Ortiz y la consejera presidenta de la Comisi\u00f3n de Educaci\u00f3n C\u00edvica y Participaci\u00f3n Ciudadana, Vicenta Molina Revuelta; personal adscrito a la Coordinaci\u00f3n General de Fortalecimiento Municipal; representante del partido de Morena, Esther Araceli G\u00f3mez Mart\u00ednez, as\u00ed como diversos consejeros\u00a0electorales.<\/p>\n<p style=\"text-align: justify;\"><em>) S\u00edguenos en nuestra p\u00e1gina Facebook \/ @<a href=\"https:\/\/www.facebook.com\/acapulcopress.news\" target=\"_blank\" rel=\"noopener\">Acapulco Press<\/a><\/em><\/p>\n","protected":false},"excerpt":{"rendered":"<p>CHILPANCINGO * 14 de abril de 2023. ) Gobierno de Guerrero El Gobierno de Guerrero y el Instituto Electoral y de Participaci\u00f3n Ciudadana (IEPC) firmaron un convenio de coordinaci\u00f3n para capacitar a las autoridades municipales y difundir la cultura c\u00edvica electoral, como principios fundamentales de la cultura democr\u00e1tica. La firma del convenio se realiz\u00f3 en&#8230;<\/p>\n","protected":false},"author":2,"featured_media":1252629,"comment_status":"closed","ping_status":"closed","sticky":false,"template":"","format":"standard","meta":{"footnotes":""},"categories":[2052,18561],"tags":[3864,9302,10248],"class_list":["post-1252628","post","type-post","status-publish","format-standard","has-post-thumbnail","hentry","category-elecciones","category-society-politics","tag-anacleta-lopez-vega","tag-gobierno-de-guerrero","tag-instituto-electoral-y-de-participacion-ciudadana-iepc"],"_links":{"self":[{"href":"https:\/\/www.acapulcopress.com\/index.php\/wp-json\/wp\/v2\/posts\/1252628","targetHints":{"allow":["GET"]}}],"collection":[{"href":"https:\/\/www.acapulcopress.com\/index.php\/wp-json\/wp\/v2\/posts"}],"about":[{"href":"https:\/\/www.acapulcopress.com\/index.php\/wp-json\/wp\/v2\/types\/post"}],"author":[{"embeddable":true,"href":"https:\/\/www.acapulcopress.com\/index.php\/wp-json\/wp\/v2\/users\/2"}],"replies":[{"embeddable":true,"href":"https:\/\/www.acapulcopress.com\/index.php\/wp-json\/wp\/v2\/comments?post=1252628"}],"version-history":[{"count":0,"href":"https:\/\/www.acapulcopress.com\/index.php\/wp-json\/wp\/v2\/posts\/1252628\/revisions"}],"wp:featuredmedia":[{"embeddable":true,"href":"https:\/\/www.acapulcopress.com\/index.php\/wp-json\/"}],"wp:attachment":[{"href":"https:\/\/www.acapulcopress.com\/index.php\/wp-json\/wp\/v2\/media?parent=1252628"}],"wp:term":[{"taxonomy":"category","embeddable":true,"href":"https:\/\/www.acapulcopress.com\/index.php\/wp-json\/wp\/v2\/categories?post=1252628"},{"taxonomy":"post_tag","embeddable":true,"href":"https:\/\/www.acapulcopress.com\/index.php\/wp-json\/wp\/v2\/tags?post=1252628"}],"curies":[{"name":"wp","href":"https:\/\/api.w.org\/{rel}","templated":true}]}}