{"id":1252634,"date":"2023-04-14T21:30:27","date_gmt":"2023-04-15T02:30:27","guid":{"rendered":"https:\/\/www.acapulcopress.com\/?p=1252634"},"modified":"2023-04-14T21:30:27","modified_gmt":"2023-04-15T02:30:27","slug":"bomberos-sofocan-incendio-a-un-costado-de-la-autopista-del-sol","status":"publish","type":"post","link":"https:\/\/www.acapulcopress.com\/index.php\/2023\/04\/14\/bomberos-sofocan-incendio-a-un-costado-de-la-autopista-del-sol\/","title":{"rendered":"Bomberos sofocan incendio a un costado de la Autopista del Sol"},"content":{"rendered":"<p style=\"text-align: justify;\">CHILPANCINGO * 14 de abril de 2023.<br \/>\n<em>) Gobierno de Guerrero<\/em><br \/>\nBomberos de la <a href=\"https:\/\/www.facebook.com\/SGIRPCGro\" target=\"_blank\" rel=\"noopener\">Secretar\u00eda de Gesti\u00f3n Integral de Riesgos y Protecci\u00f3n Civil Guerrero<\/a> controlaron en su totalidad un incendio forestal que se registrado en la zona conocida como <img loading=\"lazy\" decoding=\"async\" class=\"alignleft size-medium wp-image-1252636\" src=\"https:\/\/www.acapulcopress.com\/wp-content\/uploads\/2023\/04\/incendio-del-sol2-375x211.jpg\" alt=\"\" width=\"375\" height=\"211\" \/>\u201cCerro del Toro\u00bb, cerca del poblado del Ocotito, municipio de Chilpancingo.<\/p>\n<p style=\"text-align: justify;\">La tarde de este jueves se report\u00f3 v\u00eda 911, el origen de un incendio forestal cerca de la Autopista del Sol, por lo que de inmediato se traslad\u00f3 una brigada de combatientes de esta secretar\u00eda, con el apoyo de elementos de la Coordinaci\u00f3n de Protecci\u00f3n Civil del Municipio de Chilpancingo.<\/p>\n<p style=\"text-align: justify;\">Esta noche contin\u00faan las labores de los brigadistas, implementando diferentes t\u00e9cnicas para contrarrestar las llamas del fuego, hasta lograr su sofocaci\u00f3n total.<\/p>\n<p style=\"text-align: justify;\">La dependencia estatal recomienda a la poblaci\u00f3n extremar medidas de precauci\u00f3n, principalmente a los automovilistas que transitan por la <em>Autopista del Sol,<\/em> a quienes se les <img loading=\"lazy\" decoding=\"async\" class=\"alignleft size-medium wp-image-1252635\" src=\"https:\/\/www.acapulcopress.com\/wp-content\/uploads\/2023\/04\/incendio-del-sol-375x295.jpg\" alt=\"\" width=\"375\" height=\"295\" \/>pide alejarse de la zona del incendio.<\/p>\n<p style=\"text-align: justify;\">El gobierno del estado refuerza la presencia de brigadistas en la zona, a fin de sofocar el fuego en el menor tiempo posible, para evitar mayores afectaciones a la flota y fauna\u00a0de\u00a0la\u00a0zona.<\/p>\n<p style=\"text-align: justify;\"><em>) S\u00edguenos en nuestra p\u00e1gina Facebook \/ @<a href=\"https:\/\/www.facebook.com\/acapulcopress.news\" target=\"_blank\" rel=\"noopener\">Acapulco Press<\/a><\/em><\/p>\n","protected":false},"excerpt":{"rendered":"<p>CHILPANCINGO * 14 de abril de 2023. ) Gobierno de Guerrero Bomberos de la Secretar\u00eda de Gesti\u00f3n Integral de Riesgos y Protecci\u00f3n Civil Guerrero controlaron en su totalidad un incendio forestal que se registrado en la zona conocida como \u201cCerro del Toro\u00bb, cerca del poblado del Ocotito, municipio de Chilpancingo. La tarde de este jueves&#8230;<\/p>\n","protected":false},"author":2,"featured_media":1252637,"comment_status":"closed","ping_status":"closed","sticky":false,"template":"","format":"standard","meta":{"footnotes":""},"categories":[1969,1998],"tags":[4438,5608,9302,10109],"class_list":["post-1252634","post","type-post","status-publish","format-standard","has-post-thumbnail","hentry","category-trending","category-proteccion-ciudadana","tag-autopista-del-sol","tag-cerro-del-toro-chilpancingo","tag-gobierno-de-guerrero","tag-incendios-forestales"],"_links":{"self":[{"href":"https:\/\/www.acapulcopress.com\/index.php\/wp-json\/wp\/v2\/posts\/1252634","targetHints":{"allow":["GET"]}}],"collection":[{"href":"https:\/\/www.acapulcopress.com\/index.php\/wp-json\/wp\/v2\/posts"}],"about":[{"href":"https:\/\/www.acapulcopress.com\/index.php\/wp-json\/wp\/v2\/types\/post"}],"author":[{"embeddable":true,"href":"https:\/\/www.acapulcopress.com\/index.php\/wp-json\/wp\/v2\/users\/2"}],"replies":[{"embeddable":true,"href":"https:\/\/www.acapulcopress.com\/index.php\/wp-json\/wp\/v2\/comments?post=1252634"}],"version-history":[{"count":0,"href":"https:\/\/www.acapulcopress.com\/index.php\/wp-json\/wp\/v2\/posts\/1252634\/revisions"}],"wp:featuredmedia":[{"embeddable":true,"href":"https:\/\/www.acapulcopress.com\/index.php\/wp-json\/"}],"wp:attachment":[{"href":"https:\/\/www.acapulcopress.com\/index.php\/wp-json\/wp\/v2\/media?parent=1252634"}],"wp:term":[{"taxonomy":"category","embeddable":true,"href":"https:\/\/www.acapulcopress.com\/index.php\/wp-json\/wp\/v2\/categories?post=1252634"},{"taxonomy":"post_tag","embeddable":true,"href":"https:\/\/www.acapulcopress.com\/index.php\/wp-json\/wp\/v2\/tags?post=1252634"}],"curies":[{"name":"wp","href":"https:\/\/api.w.org\/{rel}","templated":true}]}}