{"id":1252641,"date":"2023-04-14T22:00:17","date_gmt":"2023-04-15T03:00:17","guid":{"rendered":"https:\/\/www.acapulcopress.com\/?p=1252641"},"modified":"2023-04-14T22:00:17","modified_gmt":"2023-04-15T03:00:17","slug":"preparan-reubicacion-de-familias-afectadas-por-falla-geologica-en-chilpancingo","status":"publish","type":"post","link":"https:\/\/www.acapulcopress.com\/index.php\/2023\/04\/14\/preparan-reubicacion-de-familias-afectadas-por-falla-geologica-en-chilpancingo\/","title":{"rendered":"Preparan reubicaci\u00f3n de familias afectadas por falla geol\u00f3gica en Chilpancingo"},"content":{"rendered":"<p style=\"text-align: justify;\">CHILPANCINGO * 14 de abril de 2023.<br \/>\n<em>) Gobierno de Guerrero<\/em><br \/>\n<img loading=\"lazy\" decoding=\"async\" class=\"alignleft size-medium wp-image-1252643\" src=\"https:\/\/www.acapulcopress.com\/wp-content\/uploads\/2023\/04\/fallageolica2-375x250.jpg\" alt=\"\" width=\"375\" height=\"250\" \/>Funcionarios de la Secretar\u00eda General de Gobierno dan seguimiento a los compromisos establecidos con las familias y habitantes de las colonias de la zona norponiente de la capital del estado que sufrieron afectaci\u00f3n en sus viviendas a causa de una falla geol\u00f3gica.<\/p>\n<p style=\"text-align: justify;\">El director general de Gobernaci\u00f3n, <a href=\"https:\/\/www.facebook.com\/franrodricis\" target=\"_blank\" rel=\"noopener\">Francisco Rodr\u00edguez Cisneros<\/a>, realiz\u00f3 un recorrido por la zona afectada, colonias, calles y viviendas, acompa\u00f1ado por el coordinador de enlace para los trabajos de Protecci\u00f3n Civil y Obras de Mitigaci\u00f3n de la Falla Geol\u00f3gica Norponiente, <a href=\"https:\/\/www.facebook.com\/gustavo.v.guevara\" target=\"_blank\" rel=\"noopener\">Gustavo Vela Guevara<\/a>, el presidente de colonia, Jos\u00e9 de Jes\u00fas Victoria R\u00edos, y pobladores de dichos asentamientos.<\/p>\n<p style=\"text-align: justify;\">Entre los acuerdos posteriores al recorrido, se estableci\u00f3 una segunda visita del personal t\u00e9cnico del gobierno del estado, para levantar un censo de las viviendas afectadas y dictaminar la magnitud de las mismas. As\u00ed como la participaci\u00f3n del Fondo de Aportaciones para el Fortalecimiento Municipal (Fortamun), para coadyuvar en las alternativas de soluci\u00f3n de las familias.<\/p>\n<p><img loading=\"lazy\" decoding=\"async\" class=\"alignnone wp-image-1252645 size-large\" src=\"https:\/\/www.acapulcopress.com\/wp-content\/uploads\/2023\/04\/fallageolica4-840x560.jpg\" alt=\"\" width=\"696\" height=\"464\" \/><\/p>\n<p style=\"text-align: justify;\"><em>) S\u00edguenos en nuestra p\u00e1gina Facebook \/ @<a href=\"https:\/\/www.facebook.com\/acapulcopress.news\" target=\"_blank\" rel=\"noopener\">Acapulco Press<\/a><\/em><\/p>\n","protected":false},"excerpt":{"rendered":"<p>CHILPANCINGO * 14 de abril de 2023. ) Gobierno de Guerrero Funcionarios de la Secretar\u00eda General de Gobierno dan seguimiento a los compromisos establecidos con las familias y habitantes de las colonias de la zona norponiente de la capital del estado que sufrieron afectaci\u00f3n en sus viviendas a causa de una falla geol\u00f3gica. El director&#8230;<\/p>\n","protected":false},"author":2,"featured_media":1252644,"comment_status":"closed","ping_status":"closed","sticky":false,"template":"","format":"standard","meta":{"footnotes":""},"categories":[1969,1998],"tags":[8355,8753,9616],"class_list":["post-1252641","post","type-post","status-publish","format-standard","has-post-thumbnail","hentry","category-trending","category-proteccion-ciudadana","tag-falla-geologica-norponiente-chilpancingo","tag-fondo-de-aportaciones-para-el-fortalecimiento-municipal-fortamun","tag-gustavo-vela-guevara"],"_links":{"self":[{"href":"https:\/\/www.acapulcopress.com\/index.php\/wp-json\/wp\/v2\/posts\/1252641","targetHints":{"allow":["GET"]}}],"collection":[{"href":"https:\/\/www.acapulcopress.com\/index.php\/wp-json\/wp\/v2\/posts"}],"about":[{"href":"https:\/\/www.acapulcopress.com\/index.php\/wp-json\/wp\/v2\/types\/post"}],"author":[{"embeddable":true,"href":"https:\/\/www.acapulcopress.com\/index.php\/wp-json\/wp\/v2\/users\/2"}],"replies":[{"embeddable":true,"href":"https:\/\/www.acapulcopress.com\/index.php\/wp-json\/wp\/v2\/comments?post=1252641"}],"version-history":[{"count":0,"href":"https:\/\/www.acapulcopress.com\/index.php\/wp-json\/wp\/v2\/posts\/1252641\/revisions"}],"wp:featuredmedia":[{"embeddable":true,"href":"https:\/\/www.acapulcopress.com\/index.php\/wp-json\/"}],"wp:attachment":[{"href":"https:\/\/www.acapulcopress.com\/index.php\/wp-json\/wp\/v2\/media?parent=1252641"}],"wp:term":[{"taxonomy":"category","embeddable":true,"href":"https:\/\/www.acapulcopress.com\/index.php\/wp-json\/wp\/v2\/categories?post=1252641"},{"taxonomy":"post_tag","embeddable":true,"href":"https:\/\/www.acapulcopress.com\/index.php\/wp-json\/wp\/v2\/tags?post=1252641"}],"curies":[{"name":"wp","href":"https:\/\/api.w.org\/{rel}","templated":true}]}}