{"id":1252647,"date":"2023-04-14T22:13:51","date_gmt":"2023-04-15T03:13:51","guid":{"rendered":"https:\/\/www.acapulcopress.com\/?p=1252647"},"modified":"2023-04-14T22:13:51","modified_gmt":"2023-04-15T03:13:51","slug":"entrego-gobernadora-entrego-apoyos-a-jovenes-participantes-en-el-emfutech-2023","status":"publish","type":"post","link":"https:\/\/www.acapulcopress.com\/index.php\/2023\/04\/14\/entrego-gobernadora-entrego-apoyos-a-jovenes-participantes-en-el-emfutech-2023\/","title":{"rendered":"Entreg\u00f3 Gobernadora entreg\u00f3 apoyos a j\u00f3venes participantes en el EmFuTech 2023"},"content":{"rendered":"<p style=\"text-align: justify;\">CHILPANCINGO * 14 de abril de 2023.<br \/>\n<em>) Gobierno de Guerrero<\/em><br \/>\n<img loading=\"lazy\" decoding=\"async\" class=\"alignleft size-medium wp-image-1252648\" src=\"https:\/\/www.acapulcopress.com\/wp-content\/uploads\/2023\/04\/esp.ciencia-375x250.jpg\" alt=\"\" width=\"375\" height=\"250\" \/>Con todo el apoyo de la gobernadora <a href=\"https:\/\/www.facebook.com\/EvelynSalgadoP\" target=\"_blank\" rel=\"noopener\">Evelyn Salgado Pineda<\/a> y el respaldo del Gobierno del Estado, cuatro j\u00f3venes guerrerenses viajar\u00e1n a Jap\u00f3n para participar en el programa<em> Emergent Future Technology (EmFuTech)<\/em> representando a Guerrero para adquirir conocimientos enfocados en la ciencia y la tecnolog\u00eda en una estad\u00eda de casi tres meses.<\/p>\n<p style=\"text-align: justify;\">En Casa Guerrero la gobernadora Evelyn Salgado, junto al director general del Consejo de Ciencia, Tecnolog\u00eda e Innovaci\u00f3n Guerrero, Miguel \u00c1ngel Rendon Liborio, recibi\u00f3 a los j\u00f3venes Eliezer Solano Mart\u00ednez, Arturo Enrique Flores Pe\u00f1aloza, Eduardo de la Cruz G\u00e1mez y Le\u00f3nides Carmona V\u00e1zquez.<\/p>\n<p style=\"text-align: justify;\">De manera directa y sin intermediarios, la mandataria estatal entreg\u00f3 a cada uno el apoyo <img loading=\"lazy\" decoding=\"async\" class=\"alignleft size-medium wp-image-1252651\" src=\"https:\/\/www.acapulcopress.com\/wp-content\/uploads\/2023\/04\/esp.ciencia4-375x250.jpg\" alt=\"\" width=\"375\" height=\"250\" \/>correspondiente para cubrir todos sus gastos, boletos de avi\u00f3n y el costo total del programa en el que participar\u00e1n en el continente asi\u00e1tico del 23 de abril al 14 de julio.<\/p>\n<p style=\"text-align: justify;\">Con estas acciones, Evelyn Salgado puntualiz\u00f3 que en Guerrero \u00abhay mucho talento y nuestro compromiso permanente es el de apoyar e impulsar a las y los j\u00f3venes de nuestro estado; porque no hay sue\u00f1o que no se pueda cumplir con esfuerzo, disciplina y dedicaci\u00f3n. Juntas y juntos avanzamos en la Revoluci\u00f3n Educativa\u00bb, puntualiz\u00f3\u00a0la\u00a0gobernadora.<\/p>\n<p style=\"text-align: justify;\"><em>) S\u00edguenos en nuestra p\u00e1gina Facebook \/ @<a href=\"https:\/\/www.facebook.com\/acapulcopress.news\" target=\"_blank\" rel=\"noopener\">Acapulco Press<\/a><\/em><\/p>\n","protected":false},"excerpt":{"rendered":"<p>CHILPANCINGO * 14 de abril de 2023. ) Gobierno de Guerrero Con todo el apoyo de la gobernadora Evelyn Salgado Pineda y el respaldo del Gobierno del Estado, cuatro j\u00f3venes guerrerenses viajar\u00e1n a Jap\u00f3n para participar en el programa Emergent Future Technology (EmFuTech) representando a Guerrero para adquirir conocimientos enfocados en la ciencia y la&#8230;<\/p>\n","protected":false},"author":2,"featured_media":1252649,"comment_status":"closed","ping_status":"closed","sticky":false,"template":"","format":"standard","meta":{"footnotes":""},"categories":[18568,1988],"tags":[7888,8251,9302],"class_list":["post-1252647","post","type-post","status-publish","format-standard","has-post-thumbnail","hentry","category-ciencia-y-tecnologia","category-lifestyles","tag-emergent-future-technology-emfutech","tag-evelyn-salgado-pineda","tag-gobierno-de-guerrero"],"_links":{"self":[{"href":"https:\/\/www.acapulcopress.com\/index.php\/wp-json\/wp\/v2\/posts\/1252647","targetHints":{"allow":["GET"]}}],"collection":[{"href":"https:\/\/www.acapulcopress.com\/index.php\/wp-json\/wp\/v2\/posts"}],"about":[{"href":"https:\/\/www.acapulcopress.com\/index.php\/wp-json\/wp\/v2\/types\/post"}],"author":[{"embeddable":true,"href":"https:\/\/www.acapulcopress.com\/index.php\/wp-json\/wp\/v2\/users\/2"}],"replies":[{"embeddable":true,"href":"https:\/\/www.acapulcopress.com\/index.php\/wp-json\/wp\/v2\/comments?post=1252647"}],"version-history":[{"count":0,"href":"https:\/\/www.acapulcopress.com\/index.php\/wp-json\/wp\/v2\/posts\/1252647\/revisions"}],"wp:featuredmedia":[{"embeddable":true,"href":"https:\/\/www.acapulcopress.com\/index.php\/wp-json\/"}],"wp:attachment":[{"href":"https:\/\/www.acapulcopress.com\/index.php\/wp-json\/wp\/v2\/media?parent=1252647"}],"wp:term":[{"taxonomy":"category","embeddable":true,"href":"https:\/\/www.acapulcopress.com\/index.php\/wp-json\/wp\/v2\/categories?post=1252647"},{"taxonomy":"post_tag","embeddable":true,"href":"https:\/\/www.acapulcopress.com\/index.php\/wp-json\/wp\/v2\/tags?post=1252647"}],"curies":[{"name":"wp","href":"https:\/\/api.w.org\/{rel}","templated":true}]}}