{"id":1252653,"date":"2023-04-14T22:33:41","date_gmt":"2023-04-15T03:33:41","guid":{"rendered":"https:\/\/www.acapulcopress.com\/?p=1252653"},"modified":"2023-04-14T22:33:41","modified_gmt":"2023-04-15T03:33:41","slug":"gobernadora-firma-convenio-con-semarnat-para-el-ordenamiento-ecologico-de-guerrero","status":"publish","type":"post","link":"https:\/\/www.acapulcopress.com\/index.php\/2023\/04\/14\/gobernadora-firma-convenio-con-semarnat-para-el-ordenamiento-ecologico-de-guerrero\/","title":{"rendered":"Gobernadora firm\u00f3 convenio con Semarnat para el ordenamiento ecol\u00f3gico de Guerrero"},"content":{"rendered":"<p style=\"text-align: justify;\">CHILPANCINGO * 14 de abril de 2023.<br \/>\n<em>) Gobierno de Guerrero<\/em><br \/>\nPara fortalecer la pol\u00edtica ambiental, proteger, conservar la biodiversidad y los recursos <img loading=\"lazy\" decoding=\"async\" class=\"alignleft size-medium wp-image-1252656\" src=\"https:\/\/www.acapulcopress.com\/wp-content\/uploads\/2023\/04\/esap.semarnat3-375x250.jpg\" alt=\"\" width=\"375\" height=\"250\" \/>naturales que tiene Guerrero, la gobernadora <a href=\"https:\/\/www.facebook.com\/EvelynSalgadoP\" target=\"_blank\" rel=\"noopener\">Evelyn Salgado Pineda<\/a> y la titular de <a href=\"https:\/\/www.facebook.com\/Semarnatmx\" target=\"_blank\" rel=\"noopener\">Semarnat<\/a> federal, <a href=\"https:\/\/www.facebook.com\/MaLuisaAlboresG\" target=\"_blank\" rel=\"noopener\">Mar\u00eda Luisa Albores Gonz\u00e1lez,<\/a> junto con la subsecretaria de Ordenamiento Territorial de<a href=\"https:\/\/www.facebook.com\/SEDATU.Mexico\" target=\"_blank\" rel=\"noopener\"> Sedatu<\/a>, Edna Elena Vega Rangel, firmaron un convenio de coordinaci\u00f3n para el Ordenamiento Ecol\u00f3gico Estatal y Regional.<\/p>\n<p style=\"text-align: justify;\">Este instrumento de pol\u00edtica ambiental tiene como objetivo determinar el diagn\u00f3stico de las condiciones ambientales y tecnol\u00f3gicas, regular los usos de suelo fuera de los centros de poblaci\u00f3n dentro de la agenda de ordenamiento urbano ecol\u00f3gico sustentable con el prop\u00f3sito de que la entidad se convierta en un ejemplo nacional de buenas pr\u00e1cticas que se traduzca en bienestar social para las ocho regiones.<\/p>\n<p style=\"text-align: justify;\"><img loading=\"lazy\" decoding=\"async\" class=\"alignleft size-medium wp-image-1252657\" src=\"https:\/\/www.acapulcopress.com\/wp-content\/uploads\/2023\/04\/esap.semarnat4-375x250.jpg\" alt=\"\" width=\"375\" height=\"250\" \/>Esta estrategia propicia la construcci\u00f3n de un modelo de planeaci\u00f3n del territorio que garantice la organizaci\u00f3n social para el bienestar de los habitantes y del h\u00e1bitat, contribuir y subsanar e inhibir las desigualdades imperantes, sea guardi\u00e1n de la diversidad biocultural y responda a las necesidades actuales y futuras en Guerrero.<\/p>\n<p style=\"text-align: justify;\">La mandataria estatal y la secretaria del Medio Ambiente y Recursos Naturales (Semarnat) Federal, Mar\u00eda Luisa Albores, sostuvieron una mesa de trabajo con dependencias del sector ambiental federal y del estado para dar seguimiento a las acciones que en la materia se desarrollan en Guerrero.<\/p>\n<p style=\"text-align: justify;\">En la reuni\u00f3n celebrada en Casa Guerrero se abordaron los avances prioritarios de la agenda ecol\u00f3gica y ambiental como el Saneamiento del R\u00edo Atoyac donde se han destinado m\u00e1s de 128 millones de pesos, a trav\u00e9s de la <a href=\"https:\/\/www.facebook.com\/conaguamx\" target=\"_blank\" rel=\"noopener\">Conagua<\/a> para la limpieza de este cuerpo de agua en las localidades del Para\u00edso, El Ticu\u00ed, San Jer\u00f3nimo y Atoyac, la construcci\u00f3n, rehabilitaci\u00f3n y puesta en operaci\u00f3n de las plantas tratadoras de aguas residuales de esas localidades.<\/p>\n<p style=\"text-align: justify;\">Otro de los temas que se trataron en la agenda de trabajo fue la estrategia ambiental contra la tala ilegal y la deforestaci\u00f3n, bajo un esquema que busca frenar la p\u00e9rdida de la vegetaci\u00f3n forestal por actividades il\u00edcitas, en este sentido este a\u00f1o se han realizado 62 recorridos de vigilancia en Tecpan, Petatl\u00e1n y Zihuatanejo, as\u00ed como en Ajuchitl\u00e1n del Progreso, se instalaron seis filtros de revisi\u00f3n y cinco de inspecci\u00f3n, logrando asegurar 2 mil 236 metros c\u00fabicos de madera y tres clausuras totales de predios.<\/p>\n<p style=\"text-align: justify;\">La titular de Semarnat, tras la firma de convenio de coordinaci\u00f3n para el Ordenamiento Ecol\u00f3gico Estatal y Regional de Guerrero, reconoci\u00f3 el gran esfuerzo que se desarrolla en materia ambiental entre los distintos \u00f3rdenes de gobierno.<\/p>\n<p style=\"text-align: justify;\">Por su parte, la gobernadora Evelyn Salgado, subray\u00f3 la importancia del compromiso de tener una conciencia ecol\u00f3gica en la poblaci\u00f3n, sumamente comprometidos con el desarrollo sustentable en nuestro estado, teniendo como prioridades la biodiversidad y el ordenamiento ecol\u00f3gico territorial.<\/p>\n<p style=\"text-align: justify;\">Se\u00f1al\u00f3 que desde el gobierno del estado se busca que las futuras obras tengan un ordenamiento territorial donde va incluido el cuidado del medio ambiente velando por los intereses de todos los guerrerenses.<\/p>\n<p style=\"text-align: justify;\">Tambi\u00e9n se abordaron temas como las \u00c1reas Naturales Protegidas en el Estado y las acciones de conservaci\u00f3n, donde se inform\u00f3 que por instrucci\u00f3n del Presidente Andr\u00e9s Manuel L\u00f3pez Obrador se decretar\u00e1n dos nuevas \u00e1reas naturales protegidas en predios de FONATUR en Ixtapa, cubriendo una superficie de mil hect\u00e1reas, conservando ecosistemas vitales de selvas secas, manglares y humedales, as\u00ed como diversas especies protegidas de flora y fauna.<\/p>\n<p style=\"text-align: justify;\">Adem\u00e1s, se establece el Corredor Comunitario del Jaguar en m\u00e1s de 31 mil hect\u00e1reas bajo protecci\u00f3n en la Sierra de Guerrero para la protecci\u00f3n de esta especie en peligro de extinci\u00f3n al igual que el Ocelote, Tigrillo, Zopilote Rey, entre otras. Tambi\u00e9n se revisaron las acciones contra el cambio clim\u00e1tico y el ordenamiento de la zona federal mar\u00edtimo terrestre de Acapulco.<\/p>\n<p style=\"text-align: justify;\">A la reuni\u00f3n asistieron el secretario del Medio Ambiente y Recursos Naturales de Guerrero, \u00c1ngel Almaz\u00e1n Ju\u00e1rez; la titular de SEDUyOT, Irene Jim\u00e9nez Montiel; el titular del Gesti\u00f3n de Riesgos y Protecci\u00f3n Civil, Roberto Arroyo Matus, entre otros funcionarios estatales.<\/p>\n<p style=\"text-align: justify;\">Mientras que por parte del Gobierno federal estuvieron el subsecretario de Pol\u00edtica Ambiental y Recursos Naturales, Iv\u00e1n Rico L\u00f3pez; la titular de <a href=\"https:\/\/www.facebook.com\/ProfepaOficial\" target=\"_blank\" rel=\"noopener\">Profepa<\/a>, Blanca Alicia Mendoza Vera y el director General de <a href=\"https:\/\/www.facebook.com\/CONAFOR.Central\" target=\"_blank\" rel=\"noopener\">Conafor<\/a>, Luis Meneses Murillo, entre otros.<\/p>\n<p style=\"text-align: justify;\"><em>) S\u00edguenos en nuestra p\u00e1gina Facebook \/ @<a href=\"https:\/\/www.facebook.com\/acapulcopress.news\" target=\"_blank\" rel=\"noopener\">Acapulco Press<\/a><\/em><\/p>\n","protected":false},"excerpt":{"rendered":"<p>CHILPANCINGO * 14 de abril de 2023. ) Gobierno de Guerrero Para fortalecer la pol\u00edtica ambiental, proteger, conservar la biodiversidad y los recursos naturales que tiene Guerrero, la gobernadora Evelyn Salgado Pineda y la titular de Semarnat federal, Mar\u00eda Luisa Albores Gonz\u00e1lez, junto con la subsecretaria de Ordenamiento Territorial de Sedatu, Edna Elena Vega Rangel,&#8230;<\/p>\n","protected":false},"author":2,"featured_media":1252655,"comment_status":"closed","ping_status":"closed","sticky":false,"template":"","format":"standard","meta":{"footnotes":""},"categories":[1972,1983,18561],"tags":[],"class_list":["post-1252653","post","type-post","status-publish","format-standard","has-post-thumbnail","hentry","category-special","category-guerrerogob","category-society-politics"],"_links":{"self":[{"href":"https:\/\/www.acapulcopress.com\/index.php\/wp-json\/wp\/v2\/posts\/1252653","targetHints":{"allow":["GET"]}}],"collection":[{"href":"https:\/\/www.acapulcopress.com\/index.php\/wp-json\/wp\/v2\/posts"}],"about":[{"href":"https:\/\/www.acapulcopress.com\/index.php\/wp-json\/wp\/v2\/types\/post"}],"author":[{"embeddable":true,"href":"https:\/\/www.acapulcopress.com\/index.php\/wp-json\/wp\/v2\/users\/2"}],"replies":[{"embeddable":true,"href":"https:\/\/www.acapulcopress.com\/index.php\/wp-json\/wp\/v2\/comments?post=1252653"}],"version-history":[{"count":0,"href":"https:\/\/www.acapulcopress.com\/index.php\/wp-json\/wp\/v2\/posts\/1252653\/revisions"}],"wp:featuredmedia":[{"embeddable":true,"href":"https:\/\/www.acapulcopress.com\/index.php\/wp-json\/"}],"wp:attachment":[{"href":"https:\/\/www.acapulcopress.com\/index.php\/wp-json\/wp\/v2\/media?parent=1252653"}],"wp:term":[{"taxonomy":"category","embeddable":true,"href":"https:\/\/www.acapulcopress.com\/index.php\/wp-json\/wp\/v2\/categories?post=1252653"},{"taxonomy":"post_tag","embeddable":true,"href":"https:\/\/www.acapulcopress.com\/index.php\/wp-json\/wp\/v2\/tags?post=1252653"}],"curies":[{"name":"wp","href":"https:\/\/api.w.org\/{rel}","templated":true}]}}