{"id":1252661,"date":"2023-04-14T22:53:40","date_gmt":"2023-04-15T03:53:40","guid":{"rendered":"https:\/\/www.acapulcopress.com\/?p=1252661"},"modified":"2023-04-14T22:53:40","modified_gmt":"2023-04-15T03:53:40","slug":"toman-protesta-a-comite-organizador-de-las-xxxvi-jornadas-alarconianas","status":"publish","type":"post","link":"https:\/\/www.acapulcopress.com\/index.php\/2023\/04\/14\/toman-protesta-a-comite-organizador-de-las-xxxvi-jornadas-alarconianas\/","title":{"rendered":"Toman protesta a Comit\u00e9 Organizador de las XXXVI Jornadas Alarconianas"},"content":{"rendered":"<p style=\"text-align: justify;\">TAXCO * 14 de abril de 2023.<br \/>\n<em>) Secultura Guerrero<\/em><br \/>\nLa secretaria de <a href=\"https:\/\/www.facebook.com\/SecretariaDeCulturaDeGuerrero\" target=\"_blank\" rel=\"noopener\">Cultura<\/a>, <a href=\"https:\/\/www.facebook.com\/profile.php?id=100058710081993\" target=\"_blank\" rel=\"noopener\">A\u00edda Mart\u00ednez Rebolledo<\/a> tom\u00f3 protesta a los integrantes del <img loading=\"lazy\" decoding=\"async\" class=\"alignleft size-medium wp-image-1252662\" src=\"https:\/\/www.acapulcopress.com\/wp-content\/uploads\/2023\/04\/ja2023-375x281.jpg\" alt=\"\" width=\"375\" height=\"281\" \/>Comit\u00e9 Organizador de las XXXVI Jornadas Alarconianas, que se realizar\u00e1n del 20 al 27 de mayo en Taxco de Alarc\u00f3n, donde anunci\u00f3 la presentaci\u00f3n de espect\u00e1culos, teatro, danza, literatura y m\u00fasica.<\/p>\n<p style=\"text-align: justify;\">Mart\u00ednez Rebolledo expres\u00f3 el inter\u00e9s de la gobernadora <a href=\"https:\/\/www.facebook.com\/EvelynSalgadoP\" target=\"_blank\" rel=\"noopener\">Evelyn Salgado de Pineda<\/a> de impulsar eventos culturales que atraigan el turismo nacional e internacional para que conozcan la vida y obra de guerrerenses destacados como lo fue este ilustre taxque\u00f1o, don Juan Ruiz de Alarc\u00f3n. La toma se realiz\u00f3 en el <a href=\"https:\/\/www.facebook.com\/museooficial\" target=\"_blank\" rel=\"noopener\">Museo de Arte Virreinal<\/a> de Taxco de Alarc\u00f3n.<\/p>\n<p style=\"text-align: justify;\">El comit\u00e9 quedo integrado por Hazael Delgado Zamora, Lucy Verbonnen Herrera, Hugo Valladares Ant\u00fanez, Alma Delia Barrios Carre\u00f3n, Rub\u00e9n Figueroa Estrada, Mario Alejandro M\u00e9ndez Fuentes y <img loading=\"lazy\" decoding=\"async\" class=\"alignleft size-medium wp-image-1252664\" src=\"https:\/\/www.acapulcopress.com\/wp-content\/uploads\/2023\/04\/ja20233-375x211.jpg\" alt=\"\" width=\"375\" height=\"211\" \/>Roberto Castillejo Bahena, a quienes exhort\u00f3 a poner su mejor esfuerzo y hacer un \u00e9xito las actividades culturales y art\u00edsticas organizadas en honor a Juan Ru\u00edz de Alarc\u00f3n.<\/p>\n<p style=\"text-align: justify;\">El Comit\u00e9 ser\u00e1 el encargado de coordinar y seleccionar a los artistas esc\u00e9nicos que se presentar\u00e1n en la semana XXXVI Jornadas Alarconianas 2023, quienes se comprometieron hacer cumplir las actividades con transparencia, honestidad, equidad y responsabilidad.<\/p>\n<p style=\"text-align: justify;\"><em>) S\u00edguenos en nuestra p\u00e1gina Facebook \/ @<a href=\"https:\/\/www.facebook.com\/acapulcopress.news\" target=\"_blank\" rel=\"noopener\">Acapulco Press<\/a><\/em><\/p>\n","protected":false},"excerpt":{"rendered":"<p>TAXCO * 14 de abril de 2023. ) Secultura Guerrero La secretaria de Cultura, A\u00edda Mart\u00ednez Rebolledo tom\u00f3 protesta a los integrantes del Comit\u00e9 Organizador de las XXXVI Jornadas Alarconianas, que se realizar\u00e1n del 20 al 27 de mayo en Taxco de Alarc\u00f3n, donde anunci\u00f3 la presentaci\u00f3n de espect\u00e1culos, teatro, danza, literatura y m\u00fasica. Mart\u00ednez&#8230;<\/p>\n","protected":false},"author":2,"featured_media":1252665,"comment_status":"closed","ping_status":"closed","sticky":false,"template":"","format":"standard","meta":{"footnotes":""},"categories":[2058,1988],"tags":[3417,16346,18196],"class_list":["post-1252661","post","type-post","status-publish","format-standard","has-post-thumbnail","hentry","category-festivales-y-tradiciones","category-lifestyles","tag-aida-martinez-rebolledo","tag-secultura-guerrero","tag-xxxvi-jornadas-alarconianas"],"_links":{"self":[{"href":"https:\/\/www.acapulcopress.com\/index.php\/wp-json\/wp\/v2\/posts\/1252661","targetHints":{"allow":["GET"]}}],"collection":[{"href":"https:\/\/www.acapulcopress.com\/index.php\/wp-json\/wp\/v2\/posts"}],"about":[{"href":"https:\/\/www.acapulcopress.com\/index.php\/wp-json\/wp\/v2\/types\/post"}],"author":[{"embeddable":true,"href":"https:\/\/www.acapulcopress.com\/index.php\/wp-json\/wp\/v2\/users\/2"}],"replies":[{"embeddable":true,"href":"https:\/\/www.acapulcopress.com\/index.php\/wp-json\/wp\/v2\/comments?post=1252661"}],"version-history":[{"count":0,"href":"https:\/\/www.acapulcopress.com\/index.php\/wp-json\/wp\/v2\/posts\/1252661\/revisions"}],"wp:featuredmedia":[{"embeddable":true,"href":"https:\/\/www.acapulcopress.com\/index.php\/wp-json\/"}],"wp:attachment":[{"href":"https:\/\/www.acapulcopress.com\/index.php\/wp-json\/wp\/v2\/media?parent=1252661"}],"wp:term":[{"taxonomy":"category","embeddable":true,"href":"https:\/\/www.acapulcopress.com\/index.php\/wp-json\/wp\/v2\/categories?post=1252661"},{"taxonomy":"post_tag","embeddable":true,"href":"https:\/\/www.acapulcopress.com\/index.php\/wp-json\/wp\/v2\/tags?post=1252661"}],"curies":[{"name":"wp","href":"https:\/\/api.w.org\/{rel}","templated":true}]}}