{"id":1252691,"date":"2023-04-17T20:35:48","date_gmt":"2023-04-18T01:35:48","guid":{"rendered":"https:\/\/www.acapulcopress.com\/?p=1252691"},"modified":"2023-04-17T20:35:48","modified_gmt":"2023-04-18T01:35:48","slug":"prestadores-de-servicios-turisticos-pactan-trabajo-conjunto-con-la-dip-estrella-bernal","status":"publish","type":"post","link":"https:\/\/www.acapulcopress.com\/index.php\/2023\/04\/17\/prestadores-de-servicios-turisticos-pactan-trabajo-conjunto-con-la-dip-estrella-bernal\/","title":{"rendered":"Prestadores de servicios tur\u00edsticos pactan trabajo conjunto con la Dip. Estrella Bernal"},"content":{"rendered":"<p style=\"text-align: justify;\">ACAPULCO * 17 de abril de 2023.<br \/>\n<em>) Acapulco Press<\/em><br \/>\nPrestadores de servicios tur\u00edsticos y empresarios sostuvieron un encuentro de trabajo con <img loading=\"lazy\" decoding=\"async\" class=\"alignleft size-medium wp-image-1252680\" src=\"https:\/\/www.acapulcopress.com\/wp-content\/uploads\/2023\/04\/Estrella-Bernal-Camaron-375x212.jpg\" alt=\"\" width=\"375\" height=\"212\" \/>la diputada <a href=\"https:\/\/www.facebook.com\/profile.php?id=100063708536360\" target=\"_blank\" rel=\"noopener\">Estrella de la Paz Bernal<\/a>, quien escuch\u00f3 atenta sus planteamientos y se comprometi\u00f3 a trabajar mano con mano con ellos para atender las necesidades y problemas de la zona tur\u00edstica del puerto planteados en dicha reuni\u00f3n celebrada en el restaurante <em><a href=\"https:\/\/www.facebook.com\/ElCamaronJackieOficial\" target=\"_blank\" rel=\"noopener\">El Camar\u00f3n Jackie<\/a>,<\/em> propiedad del empresario <a href=\"https:\/\/www.facebook.com\/jesus.zamora.5220\" target=\"_blank\" rel=\"noopener\">Jes\u00fas Zamora Cervantes<\/a>.<\/p>\n<p style=\"text-align: justify;\">La petici\u00f3n central de los prestadores de servicios tur\u00edsticos consisti\u00f3 en m\u00e1s espacios y lugares de playa limpios para mejorar la imagen tur\u00edstica de la zona tur\u00edstica del puerto.<\/p>\n<p style=\"text-align: justify;\">La legisladora local respondi\u00f3 que en su car\u00e1cter de representante popular en la <em>LXIII Legislatura<\/em> del <a href=\"https:\/\/www.facebook.com\/congresogro\" target=\"_blank\" rel=\"noopener\">Congreso de Guerrero<\/a>, dar\u00e1 atenci\u00f3n a todas las peticiones que le planteen y con honestidad tambi\u00e9n les dir\u00e1 cuales s\u00ed y cuales no podr\u00e1n realizarse.<\/p>\n<p style=\"text-align: justify;\">\u00abDe nada sirve nada sirve que les diga que s\u00ed y a la mera hora salgamos que no se realizar\u00e1 nada de lo gestionado\u00bb, expres\u00f3 enf\u00e1tica la diputada por el Distrito 3 de Acapulco, quien se comprometi\u00f3 a mantenerse en contacto directo con los prestadores de servicios tur\u00edsticos all\u00ed reunidos, a quienes consider\u00f3 \u00abparte primordial\u00bb del \u00e9xito de la imagen tur\u00edstica del puerto.<\/p>\n<p style=\"text-align: justify;\"><img loading=\"lazy\" decoding=\"async\" class=\"alignleft size-medium wp-image-1252683\" src=\"https:\/\/www.acapulcopress.com\/wp-content\/uploads\/2023\/04\/Estrella-Bernal-Camaron4-375x169.jpg\" alt=\"\" width=\"375\" height=\"169\" \/>Zamora Cervantes, quien tambi\u00e9n funge como presidente de la Comisi\u00f3n de Infraestructura del Consejo Consultivo del Estado de Guerrero, agradeci\u00f3 la disposici\u00f3n de di\u00e1logo de la diputada Estrella Bernal y de algunos legisladores que, como ella, est\u00e1n atentos a la problem\u00e1tica que viven la mayor\u00eda de los prestadores de servicios y las necesidades de la zona federal tur\u00edstica para mejorar el servicio e imagen que se brinda en las playas y la franja tur\u00edstica, motivo por el cual tambi\u00e9n hizo un llamado a la ciudadan\u00eda, en general, para que coadyuven a cuidar los accesos de playas y las nuevas remodelaciones, como la Plaza Quebec, reci\u00e9n inaugurada por le Gobernadora <a href=\"https:\/\/www.facebook.com\/EvelynSalgadoP\" target=\"_blank\" rel=\"noopener\">Evelyn Salgado Pineda<\/a>, \u00abquien con su valioso apoyo estatal ha venido a darle una imagen nueva y fresca a nuestro puerto de Acapulco\u00bb.<\/p>\n<p style=\"text-align: justify;\">A su vez,\u00a0<a href=\"https:\/\/www.facebook.com\/arturo.pantojaguatemala\" target=\"_blank\" rel=\"noopener\">Arturo Pantoja Guatemala<\/a>, presidente de las Cooperativas Tur\u00edsticas de Acapulco, <img loading=\"lazy\" decoding=\"async\" class=\"alignleft size-medium wp-image-1252682\" src=\"https:\/\/www.acapulcopress.com\/wp-content\/uploads\/2023\/04\/Estrella-Bernal-Camaron3-375x208.jpg\" alt=\"\" width=\"375\" height=\"208\" \/>agradeci\u00f3 a la diputada Bernal su atenci\u00f3n y tiempo para tomar nota en serio de la participaci\u00f3n ciudadana, los empresarios y los prestadores de servicios tur\u00edsticos por la imagen de Acapulco. \u00abEso habla bien de su trabajo como legisladores\u00bb, le dijo. \u00abQueremos que a trav\u00e9s suyo se escuche nuestra voz y nuestras peticiones en el Congreso; ya no queremos simulaci\u00f3n de ayuda, queremos que realmente se reflejen los apoyos a nuestro gremio, de verdad le dijo diputada, nosotros somos amigos de todos, no tenemos colores partidistas\u00bb, subray\u00f3 el cooperativista a nombre de su gremio y de todos los que a diarios luchan por dar un mejor servicios al turismo para que regresen y hagan de Acapulco su destino de playa favorito, para lo cual, obviamente, se requiere de trabajo conjunto con las autoridades, por lo cual reiter\u00f3 su agradecimiento por escucharlos y hablarles claro respecto a lo que se podr\u00e1 y no se podr\u00e1 hacer respecto a sus demandas y peticiones como prestadores de servicios tur\u00edsticos.<\/p>\n<p style=\"text-align: justify;\"><em>) S\u00edguenos en nuestra p\u00e1gina Facebook \/ @<a href=\"https:\/\/www.facebook.com\/acapulcopress.news\" target=\"_blank\" rel=\"noopener\">Acapulco Press<\/a><\/em><\/p>\n","protected":false},"excerpt":{"rendered":"<p>ACAPULCO * 17 de abril de 2023. ) Acapulco Press Prestadores de servicios tur\u00edsticos y empresarios sostuvieron un encuentro de trabajo con la diputada Estrella de la Paz Bernal, quien escuch\u00f3 atenta sus planteamientos y se comprometi\u00f3 a trabajar mano con mano con ellos para atender las necesidades y problemas de la zona tur\u00edstica del&#8230;<\/p>\n","protected":false},"author":2,"featured_media":1252681,"comment_status":"closed","ping_status":"closed","sticky":false,"template":"","format":"standard","meta":{"footnotes":""},"categories":[1972,1988,18562],"tags":[4213,7669,8198,8251,10765],"class_list":["post-1252691","post","type-post","status-publish","format-standard","has-post-thumbnail","hentry","category-special","category-lifestyles","category-turism","tag-arturo-pantoja-guatemala","tag-el-camaron-jackie","tag-estrella-de-la-paz-bernal","tag-evelyn-salgado-pineda","tag-jesus-zamora-cervantes"],"_links":{"self":[{"href":"https:\/\/www.acapulcopress.com\/index.php\/wp-json\/wp\/v2\/posts\/1252691","targetHints":{"allow":["GET"]}}],"collection":[{"href":"https:\/\/www.acapulcopress.com\/index.php\/wp-json\/wp\/v2\/posts"}],"about":[{"href":"https:\/\/www.acapulcopress.com\/index.php\/wp-json\/wp\/v2\/types\/post"}],"author":[{"embeddable":true,"href":"https:\/\/www.acapulcopress.com\/index.php\/wp-json\/wp\/v2\/users\/2"}],"replies":[{"embeddable":true,"href":"https:\/\/www.acapulcopress.com\/index.php\/wp-json\/wp\/v2\/comments?post=1252691"}],"version-history":[{"count":0,"href":"https:\/\/www.acapulcopress.com\/index.php\/wp-json\/wp\/v2\/posts\/1252691\/revisions"}],"wp:featuredmedia":[{"embeddable":true,"href":"https:\/\/www.acapulcopress.com\/index.php\/wp-json\/"}],"wp:attachment":[{"href":"https:\/\/www.acapulcopress.com\/index.php\/wp-json\/wp\/v2\/media?parent=1252691"}],"wp:term":[{"taxonomy":"category","embeddable":true,"href":"https:\/\/www.acapulcopress.com\/index.php\/wp-json\/wp\/v2\/categories?post=1252691"},{"taxonomy":"post_tag","embeddable":true,"href":"https:\/\/www.acapulcopress.com\/index.php\/wp-json\/wp\/v2\/tags?post=1252691"}],"curies":[{"name":"wp","href":"https:\/\/api.w.org\/{rel}","templated":true}]}}