{"id":1252694,"date":"2023-04-17T21:57:13","date_gmt":"2023-04-18T02:57:13","guid":{"rendered":"https:\/\/www.acapulcopress.com\/?p=1252694"},"modified":"2023-04-17T21:57:13","modified_gmt":"2023-04-18T02:57:13","slug":"en-guerrero-se-trabaja-atendiendo-las-causas-de-la-violencia-sspgro","status":"publish","type":"post","link":"https:\/\/www.acapulcopress.com\/index.php\/2023\/04\/17\/en-guerrero-se-trabaja-atendiendo-las-causas-de-la-violencia-sspgro\/","title":{"rendered":"En Guerrero se trabaja atendiendo las causas de la violencia | #SSPGro"},"content":{"rendered":"<p style=\"text-align: justify;\">CHILPANCINGO * 17 de abril de 2023.<br \/>\n<em>) Gobierno de Guerrero<\/em><br \/>\nCon la representaci\u00f3n del secretario de<a href=\"https:\/\/www.facebook.com\/sspguerrero\" target=\"_blank\" rel=\"noopener\"> Seguridad P\u00fablica<\/a> Estatal, Evelio M\u00e9ndez G\u00f3mez, el <img loading=\"lazy\" decoding=\"async\" class=\"alignleft size-medium wp-image-1252695\" src=\"https:\/\/www.acapulcopress.com\/wp-content\/uploads\/2023\/04\/guerrero-paz-375x211.jpg\" alt=\"\" width=\"375\" height=\"211\" \/>subsecretario de Administraci\u00f3n, Apoyo T\u00e9cnico y Desarrollo Humano, Marco Antonio Guijosa Mora, particip\u00f3 en el arranque de la Estrategia Constructores de Paz en el municipio de Iguala de la Independencia, el cual estuvo encabezado por el director General de Coordinaci\u00f3n con Entidades Federativas de la Zona 2 de la Secretar\u00eda de Seguridad y Protecci\u00f3n Ciudadana, Santiago Segui Amortegui, el presidente municipal de Iguala, David Gama P\u00e9rez y el delegado de los Programas para el Desarrollo en Guerrero, Iv\u00e1n Hern\u00e1ndez D\u00edaz.<\/p>\n<p style=\"text-align: justify;\">A nombre del titular de la Secretar\u00eda de Seguridad P\u00fablica de Guerrero, Guijosa Mora destac\u00f3, que diariamente se trabaja de manera coordinada con los tres niveles de gobierno <img loading=\"lazy\" decoding=\"async\" class=\"alignleft size-medium wp-image-1252697\" src=\"https:\/\/www.acapulcopress.com\/wp-content\/uploads\/2023\/04\/guerrero-paz3-375x211.jpg\" alt=\"\" width=\"375\" height=\"211\" \/>para lograr que en Guerrero se construya la paz, tal como ha sido la instrucci\u00f3n de la gobernadora <a href=\"https:\/\/www.facebook.com\/EvelynSalgadoP\" target=\"_blank\" rel=\"noopener\">Evelyn Salgado Pineda<\/a>.<\/p>\n<p style=\"text-align: justify;\">Ante las mujeres y hombres que saldr\u00e1n a hacer el brigadeo, Guijosa Mora resalt\u00f3 que acciones como estas, que se impulsan desde el gobierno federal, son importantes que lleguen a nuestro estado para construir la paz, atendiendo la violencia desde sus ra\u00edces.<\/p>\n<p style=\"text-align: justify;\">\u201cLa Estrategia Constructores de Paz es fundamental, y es por eso que destaco y reconozco la presencia y su trabajo incansable tan importante \u2026 la construcci\u00f3n de paz es parte de la estrategia nacional de seguridad p\u00fablica, y en Guerrero trabajamos todos los d\u00edas para atender esta instrucci\u00f3n para crear mejores caminos para ustedes\u201d, destac\u00f3.<\/p>\n<p style=\"text-align: justify;\">En esta estrategia participar\u00e1n brigadistas de la Direcci\u00f3n General de Prevenci\u00f3n del Delito, quienes recorrer\u00e1n colonias y comunidades de dicho municipio de la zona Norte del estado.<\/p>\n<p style=\"text-align: justify;\"><em>) S\u00edguenos en nuestra p\u00e1gina Facebook \/ @<a href=\"https:\/\/www.facebook.com\/acapulcopress.news\" target=\"_blank\" rel=\"noopener\">Acapulco Press<\/a><\/em><\/p>\n","protected":false},"excerpt":{"rendered":"<p>CHILPANCINGO * 17 de abril de 2023. ) Gobierno de Guerrero Con la representaci\u00f3n del secretario de Seguridad P\u00fablica Estatal, Evelio M\u00e9ndez G\u00f3mez, el subsecretario de Administraci\u00f3n, Apoyo T\u00e9cnico y Desarrollo Humano, Marco Antonio Guijosa Mora, particip\u00f3 en el arranque de la Estrategia Constructores de Paz en el municipio de Iguala de la Independencia, el&#8230;<\/p>\n","protected":false},"author":2,"featured_media":1252696,"comment_status":"closed","ping_status":"closed","sticky":false,"template":"","format":"standard","meta":{"footnotes":""},"categories":[1969,2005],"tags":[8238,8251,16266],"class_list":["post-1252694","post","type-post","status-publish","format-standard","has-post-thumbnail","hentry","category-trending","category-seguridad-y-justicia","tag-evelio-mendez-gomez","tag-evelyn-salgado-pineda","tag-secretaria-de-seguridad-publica-de-guerrero"],"_links":{"self":[{"href":"https:\/\/www.acapulcopress.com\/index.php\/wp-json\/wp\/v2\/posts\/1252694","targetHints":{"allow":["GET"]}}],"collection":[{"href":"https:\/\/www.acapulcopress.com\/index.php\/wp-json\/wp\/v2\/posts"}],"about":[{"href":"https:\/\/www.acapulcopress.com\/index.php\/wp-json\/wp\/v2\/types\/post"}],"author":[{"embeddable":true,"href":"https:\/\/www.acapulcopress.com\/index.php\/wp-json\/wp\/v2\/users\/2"}],"replies":[{"embeddable":true,"href":"https:\/\/www.acapulcopress.com\/index.php\/wp-json\/wp\/v2\/comments?post=1252694"}],"version-history":[{"count":0,"href":"https:\/\/www.acapulcopress.com\/index.php\/wp-json\/wp\/v2\/posts\/1252694\/revisions"}],"wp:featuredmedia":[{"embeddable":true,"href":"https:\/\/www.acapulcopress.com\/index.php\/wp-json\/"}],"wp:attachment":[{"href":"https:\/\/www.acapulcopress.com\/index.php\/wp-json\/wp\/v2\/media?parent=1252694"}],"wp:term":[{"taxonomy":"category","embeddable":true,"href":"https:\/\/www.acapulcopress.com\/index.php\/wp-json\/wp\/v2\/categories?post=1252694"},{"taxonomy":"post_tag","embeddable":true,"href":"https:\/\/www.acapulcopress.com\/index.php\/wp-json\/wp\/v2\/tags?post=1252694"}],"curies":[{"name":"wp","href":"https:\/\/api.w.org\/{rel}","templated":true}]}}