{"id":1252767,"date":"2023-04-19T20:05:57","date_gmt":"2023-04-20T01:05:57","guid":{"rendered":"https:\/\/www.acapulcopress.com\/?p=1252767"},"modified":"2023-04-19T20:05:57","modified_gmt":"2023-04-20T01:05:57","slug":"proyectos-con-vision-al-2050","status":"publish","type":"post","link":"https:\/\/www.acapulcopress.com\/index.php\/2023\/04\/19\/proyectos-con-vision-al-2050\/","title":{"rendered":"Proyectos con visi\u00f3n al 2050"},"content":{"rendered":"<p style=\"text-align: justify;\">Marem\u00e1gnum<br \/>\n\u00bb <strong>RICARDO<\/strong> | <strong>CASTILLO BARRIENTOS<\/strong><br \/>\n<em>) Facebook: @<a href=\"https:\/\/www.facebook.com\/ricardocastill01\" target=\"_blank\" rel=\"noopener\">Ricardo Castillo Barrientos<\/a><\/em><\/p>\n<p>Relativamente se conocen propuestas de proyecto de alto impacto para el desarrollo de Guerrero, que trasciendan y modifiquen las estructuras econ\u00f3micas y sociales y que marquen una ruta en sentido ascendente para una aut\u00e9ntica transformaci\u00f3n de la sociedad guerrerense.<\/p>\n<p style=\"text-align: justify;\">Es un camino poco explorado con excepci\u00f3n del turismo y la miner\u00eda, que por s\u00ed solos se desarrollan en funci\u00f3n de las innovaciones de los recursos humanos y tecnol\u00f3gicos que vigorizan estos sectores, sustentos importantes de las econom\u00edas local y nacional.<\/p>\n<p style=\"text-align: justify;\">Resulta relevante que el Congreso del Estado, a trav\u00e9s del Instituto de Estudios Parlamentarios \u201cEduardo Neri\u201d, present\u00f3 una \u201cPropuesta de Alternativa para el Desarrollo de la Costa Grande de Guerrero 2050\u201d, a cargo del Arq. Rafael V\u00edctor Trani Cabrera, <img loading=\"lazy\" decoding=\"async\" class=\"alignleft size-medium wp-image-1252768\" src=\"https:\/\/www.acapulcopress.com\/wp-content\/uploads\/2023\/04\/Rafael-Victor-Trani-Cabrera-375x281.jpg\" alt=\"\" width=\"375\" height=\"281\" \/>sustent\u00e1ndose en un esquema de desarrollo industrial, tur\u00edstico, n\u00e1utico y agroindustrial.<\/p>\n<p style=\"text-align: justify;\">El expositor considera que la entidad federativa cuenta con una gran potencialidad de recursos naturales y humanos que har\u00edan posible la ejecuci\u00f3n de proyectos de gran calado con inversi\u00f3n p\u00fablico-privada, sustancialmente.<\/p>\n<p style=\"text-align: justify;\">Los proyectos detonadores ser\u00edan: Puerto Balsas, Puerto Vicente Guerrero, Corredor Tur\u00edstico Costero, Escalera N\u00e1utica, Agroindustria, Miner\u00eda, Infraestructura de Servicios Municipales e Intermunicipalidad \u201cCosta Chica\u201d.<\/p>\n<p style=\"text-align: justify;\">El Proyecto Maestro establece que con la finalidad de obtener la mejor rentabilidad social y econ\u00f3mica, se requiere en una primera etapa, iniciar con el desarrollo de la Autopista Costera (tramo L\u00e1zaro C\u00e1rdenas-San Marcos), que funcionar\u00eda como el Eje de Desarrollo del Estado. La Primera Etapa del Proyecto tendr\u00eda una inversi\u00f3n de 12 mil 350 millones de pesos, en obras de infraestructura urbana.<\/p>\n<p style=\"text-align: justify;\">Viene a la memoria la Ley Federal de Zonas Econ\u00f3micas Especiales, impulsado durante el gobierno anterior, con la finalidad de cerrar la brecha entre el Norte y Sur del pa\u00eds, donde estaba considerado un ambicioso proyecto de desarrollo tendiente a detonar la Zona Econ\u00f3mica L\u00e1zaro C\u00e1rdenas-La Uni\u00f3n.<\/p>\n<p style=\"text-align: justify;\">La implementaci\u00f3n de esta Zona buscaba el desarrollo integral y sustentable, fomentando el crecimiento econ\u00f3mico, el empleo y la inclusi\u00f3n social, otorgando incentivos econ\u00f3micos, fiscales, sociales y de infraestructura. Se ten\u00edan identificadas vocaciones productivas como siderurgia, metalmec\u00e1nica, automotriz y agroindustrial.<\/p>\n<p style=\"text-align: justify;\">Sin embargo, en los primeros meses del gobierno del Presidente L\u00f3pez Obrador, consider\u00f3 que las Zonas Econ\u00f3micas Especiales no cumplieron con los beneficios que traer\u00eda a esa regi\u00f3n, ya que nunca se llevaron a cabo, solamente se qued\u00f3 en planeaci\u00f3n como casi siempre sucede.<\/p>\n<p style=\"text-align: justify;\"><strong>Marea Baja.-<\/strong> Sigue creciendo el malestar contra elementos de la Subsecretar\u00eda de Tr\u00e1nsito y Movilidad del Ayuntamiento de Chilpancingo, que no hacen su chamba como corresponde. Nunca est\u00e1n en los sem\u00e1foros o en alguna esquina movilizando el tr\u00e1fico, cada vez m\u00e1s complicado.<\/p>\n<p style=\"text-align: justify;\">Los agentes de tr\u00e1nsito andan muy activos quitando placas y los gruyeros levantando carros. Rescatarlos del corral\u00f3n cuesta un ojo de la cara y hay que apechugar y contribuir con las arcas municipales, sino llegaste a tiempo para dar la cl\u00e1sica mordida. Estas anomal\u00edas est\u00e1n llevando al baile en sus aspiraciones pol\u00edticas, a la alcaldesa Norma Otilia Hern\u00e1ndez, porque la hacen quedar mal con el pueblo.<\/p>\n<p style=\"text-align: justify;\"><strong>Marea Alta.-<\/strong> Un verdadero viacrucis est\u00e1n sufriendo un buen n\u00famero de personas que se registraron en el Programa Pensi\u00f3n Bienestar de Adultos Mayores, desde el mes de junio del a\u00f1o 2021, sin ofrecerles alguna respuesta convincente sobre la situaci\u00f3n que guarda el tr\u00e1mite realizado desde hace casi dos a\u00f1os.<\/p>\n<p style=\"text-align: justify;\">El delegado de Programas Sociales de la Secretar\u00eda del Bienestar, Iv\u00e1n Hern\u00e1ndez, ha sido totalmente omiso e indiferente porque est\u00e1 m\u00e1s abocado a sus tareas pol\u00edticas partidistas en Morena y con su pre-candidata presidencial Claudia Sheinbaum.<\/p>\n<p style=\"text-align: justify;\">Tiene raz\u00f3n el presidente L\u00f3pez Obrador cuando compara a la burocracia con un elefante reum\u00e1tico, como es el caso de la delegaci\u00f3n del Bienestar en Guerrero, que es un ejemplo vivo del valemadrismo que reina en esa oficina burocr\u00e1tica.<\/p>\n<p><strong>Maremoto.-<\/strong> Oportunamente y antes que sucediera una tragedia, funcionarios del gobierno estatal, atendieron la exigencia de colonos de la zona norponiente de Chilpancingo, sobre la reubicaci\u00f3n de sus viviendas por el riesgo que existe debido a las fallas geol\u00f3gicas que se han presentado en una ladera que afectar\u00eda a m\u00e1s de 10 colonias.<\/p>\n<p style=\"text-align: justify;\">Ya se tienen localizados 5 probables terrenos para la reubicaci\u00f3n y con ello se dar\u00eda una soluci\u00f3n definitiva, al tiempo de evitar nuevos asentamientos humanos en esos sitios.<br \/>\nDe la misma manera se debe dar atenci\u00f3n especial a la diversa problem\u00e1tica social para que no siga profundiz\u00e1ndose, generando malestar en varios sectores de la poblaci\u00f3n.<\/p>\n<p style=\"text-align: justify;\"><em>) S\u00edguenos en nuestra p\u00e1gina Facebook \/ @<a href=\"https:\/\/www.facebook.com\/acapulcopress.news\" target=\"_blank\" rel=\"noopener\">Acapulco Press<\/a><\/em><\/p>\n","protected":false},"excerpt":{"rendered":"<p>Marem\u00e1gnum \u00bb RICARDO | CASTILLO BARRIENTOS ) Facebook: @Ricardo Castillo Barrientos Relativamente se conocen propuestas de proyecto de alto impacto para el desarrollo de Guerrero, que trasciendan y modifiquen las estructuras econ\u00f3micas y sociales y que marquen una ruta en sentido ascendente para una aut\u00e9ntica transformaci\u00f3n de la sociedad guerrerense. Es un camino poco explorado&#8230;<\/p>\n","protected":false},"author":2,"featured_media":1252769,"comment_status":"closed","ping_status":"closed","sticky":false,"template":"","format":"standard","meta":{"footnotes":""},"categories":[2071,1991],"tags":[12503,15235,15575],"class_list":["post-1252767","post","type-post","status-publish","format-standard","has-post-thumbnail","hentry","category-opinion-analisis-columnas","category-libertad-de-expresion","tag-maremagnum","tag-rafael-victor-trani-cabrera","tag-ricardo-castillo-barrientos"],"_links":{"self":[{"href":"https:\/\/www.acapulcopress.com\/index.php\/wp-json\/wp\/v2\/posts\/1252767","targetHints":{"allow":["GET"]}}],"collection":[{"href":"https:\/\/www.acapulcopress.com\/index.php\/wp-json\/wp\/v2\/posts"}],"about":[{"href":"https:\/\/www.acapulcopress.com\/index.php\/wp-json\/wp\/v2\/types\/post"}],"author":[{"embeddable":true,"href":"https:\/\/www.acapulcopress.com\/index.php\/wp-json\/wp\/v2\/users\/2"}],"replies":[{"embeddable":true,"href":"https:\/\/www.acapulcopress.com\/index.php\/wp-json\/wp\/v2\/comments?post=1252767"}],"version-history":[{"count":0,"href":"https:\/\/www.acapulcopress.com\/index.php\/wp-json\/wp\/v2\/posts\/1252767\/revisions"}],"wp:featuredmedia":[{"embeddable":true,"href":"https:\/\/www.acapulcopress.com\/index.php\/wp-json\/"}],"wp:attachment":[{"href":"https:\/\/www.acapulcopress.com\/index.php\/wp-json\/wp\/v2\/media?parent=1252767"}],"wp:term":[{"taxonomy":"category","embeddable":true,"href":"https:\/\/www.acapulcopress.com\/index.php\/wp-json\/wp\/v2\/categories?post=1252767"},{"taxonomy":"post_tag","embeddable":true,"href":"https:\/\/www.acapulcopress.com\/index.php\/wp-json\/wp\/v2\/tags?post=1252767"}],"curies":[{"name":"wp","href":"https:\/\/api.w.org\/{rel}","templated":true}]}}