{"id":1252815,"date":"2023-04-20T19:30:03","date_gmt":"2023-04-21T00:30:03","guid":{"rendered":"https:\/\/www.acapulcopress.com\/?p=1252815"},"modified":"2023-04-20T19:30:03","modified_gmt":"2023-04-21T00:30:03","slug":"guardia-nacional-regresara-a-ssp-en-enero-2024","status":"publish","type":"post","link":"https:\/\/www.acapulcopress.com\/index.php\/2023\/04\/20\/guardia-nacional-regresara-a-ssp-en-enero-2024\/","title":{"rendered":"Guardia Nacional regresar\u00e1 a SSP en enero 2024"},"content":{"rendered":"<p style=\"text-align: justify;\">\u00bb <strong>Julio<\/strong> |<strong> Astorga<\/strong><br \/>\nCIUDAD DE M\u00c9XICO * 20 de abril de 2023.<br \/>\n<em>) <a href=\"https:\/\/latinus.us\/2023\/04\/20\/corte-determina-guardia-nacional-regrese-secretaria-seguridad-enero-de-2024\/\" target=\"_blank\" rel=\"noopener\">LatinUs<\/a><br \/>\n<\/em>El pleno de la <a href=\"https:\/\/www.facebook.com\/SCJNMexico\" target=\"_blank\" rel=\"noopener\">Suprema Corte de Justicia de la Naci\u00f3n<\/a> (SCJN) determin\u00f3, por nueve votos a favor, que la decisi\u00f3n de invalidar la transferencia de la<a href=\"https:\/\/www.facebook.com\/GUARDIA.NACIONAL.MX\" target=\"_blank\" rel=\"noopener\"> Guardia Nacional<\/a> a la <a href=\"https:\/\/www.facebook.com\/SEDENAmxOficial\" target=\"_blank\" rel=\"noopener\">Secretar\u00eda de la Defensa Nacional<\/a> (Sedena) aplique a partir del 1 de enero de 2024.<\/p>\n<p style=\"text-align: justify;\">En la sesi\u00f3n celebrada el martes pasado, la SCJN declar\u00f3 como inconstitucional que la Sedena tome el mando operativo y administrativo de la Guardia Nacional y siga adscrita a la Secretar\u00eda de Seguridad P\u00fablica, como se aprob\u00f3 en la reforma constitucional que cre\u00f3 dicho cuerpo de seguridad en 2019.<\/p>\n<p style=\"text-align: justify;\">La propuesta del ministro Jos\u00e9 Luis Gonz\u00e1lez Alc\u00e1ntara Carranc\u00e1 fue avalada por mayor\u00eda de ocho votos. Los ministros Arturo Zald\u00edvar, Loretta Ortiz y Yasm\u00edn Esquivel consideraron que la Guardia Nacional deb\u00eda estar bajo control de los militares, argumentando que no perd\u00eda su naturaleza civil.<\/p>\n<p style=\"text-align: justify;\">Tambi\u00e9n decidieron invalidar que los elementos de los Fuerzas Armadas mantengan el fuero militar mientras participan en la Guardia Nacional, as\u00ed como la facultad del secretario de la Defensa Nacional de proponer al titular de ese cuerpo de seguridad.<\/p>\n<p style=\"text-align: justify;\">En la sesi\u00f3n de este jueves, la Suprema Corte vot\u00f3 los efectos de la resoluci\u00f3n tomada el martes.<\/p>\n<p style=\"text-align: justify;\">El ministro Gonz\u00e1lez Alc\u00e1ntara Carranc\u00e1 mencion\u00f3 que se estableci\u00f3 el plazo a enero de 2024 para privilegiar la certeza jur\u00eddica y respetar el presupuesto asignado para este a\u00f1o. La ministra Margarita R\u00edos Farjat dijo que el tiempo es el necesario para que se realicen los ajustes.<\/p>\n<p style=\"text-align: justify;\">Los ministros Yasm\u00edn Esquivel y Arturo Zald\u00edvar fueron los \u00fanicos que votaron en contra.<\/p>\n<p><em>) S\u00edguenos en nuestra p\u00e1gina Facebook \/ @<a href=\"https:\/\/www.facebook.com\/acapulcopress.news\" target=\"_blank\" rel=\"noopener\">Acapulco Press<\/a><\/em><\/p>\n","protected":false},"excerpt":{"rendered":"<p>\u00bb Julio | Astorga CIUDAD DE M\u00c9XICO * 20 de abril de 2023. ) LatinUs El pleno de la Suprema Corte de Justicia de la Naci\u00f3n (SCJN) determin\u00f3, por nueve votos a favor, que la decisi\u00f3n de invalidar la transferencia de la Guardia Nacional a la Secretar\u00eda de la Defensa Nacional (Sedena) aplique a partir&#8230;<\/p>\n","protected":false},"author":2,"featured_media":1252827,"comment_status":"closed","ping_status":"closed","sticky":false,"template":"","format":"standard","meta":{"footnotes":""},"categories":[1997],"tags":[8993,9532,11056,16207,16935],"class_list":["post-1252815","post","type-post","status-publish","format-standard","has-post-thumbnail","hentry","category-noticias-destacadas","tag-fuerzas-armadas-de-mexico-fam","tag-guardia-nacional","tag-jose-luis-gonzalez-alcantara-carranca","tag-secretaria-de-la-defensa-nacional-sedena","tag-suprema-corte-de-justicia-de-la-nacion-scjn"],"_links":{"self":[{"href":"https:\/\/www.acapulcopress.com\/index.php\/wp-json\/wp\/v2\/posts\/1252815","targetHints":{"allow":["GET"]}}],"collection":[{"href":"https:\/\/www.acapulcopress.com\/index.php\/wp-json\/wp\/v2\/posts"}],"about":[{"href":"https:\/\/www.acapulcopress.com\/index.php\/wp-json\/wp\/v2\/types\/post"}],"author":[{"embeddable":true,"href":"https:\/\/www.acapulcopress.com\/index.php\/wp-json\/wp\/v2\/users\/2"}],"replies":[{"embeddable":true,"href":"https:\/\/www.acapulcopress.com\/index.php\/wp-json\/wp\/v2\/comments?post=1252815"}],"version-history":[{"count":0,"href":"https:\/\/www.acapulcopress.com\/index.php\/wp-json\/wp\/v2\/posts\/1252815\/revisions"}],"wp:featuredmedia":[{"embeddable":true,"href":"https:\/\/www.acapulcopress.com\/index.php\/wp-json\/"}],"wp:attachment":[{"href":"https:\/\/www.acapulcopress.com\/index.php\/wp-json\/wp\/v2\/media?parent=1252815"}],"wp:term":[{"taxonomy":"category","embeddable":true,"href":"https:\/\/www.acapulcopress.com\/index.php\/wp-json\/wp\/v2\/categories?post=1252815"},{"taxonomy":"post_tag","embeddable":true,"href":"https:\/\/www.acapulcopress.com\/index.php\/wp-json\/wp\/v2\/tags?post=1252815"}],"curies":[{"name":"wp","href":"https:\/\/api.w.org\/{rel}","templated":true}]}}