{"id":1252831,"date":"2023-04-20T23:26:35","date_gmt":"2023-04-21T04:26:35","guid":{"rendered":"https:\/\/www.acapulcopress.com\/?p=1252831"},"modified":"2023-04-20T23:26:35","modified_gmt":"2023-04-21T04:26:35","slug":"la-guardia-nacional-ejercito-mexicano-y-scjn","status":"publish","type":"post","link":"https:\/\/www.acapulcopress.com\/index.php\/2023\/04\/20\/la-guardia-nacional-ejercito-mexicano-y-scjn\/","title":{"rendered":"La Guardia Nacional, Ej\u00e9rcito Mexicano y SCJN"},"content":{"rendered":"<p style=\"text-align: justify;\">Marem\u00e1gnum<br \/>\n\u00bb <strong>RICARDO<\/strong> | <strong>CASTILLO BARRIENTOS<\/strong><br \/>\n<em>) Facebook: @<a href=\"https:\/\/www.facebook.com\/ricardocastill01\" target=\"_blank\" rel=\"noopener\">Ricardo Castillo Barrientos<\/a><\/em><\/p>\n<p style=\"text-align: justify;\">La decisi\u00f3n de los magistrados de la <a href=\"https:\/\/www.facebook.com\/SCJNMexico\" target=\"_blank\" rel=\"noopener\">Suprema Corte de Justicia de la Naci\u00f3n<\/a> (SCJN) de echar abajo la reforma del Presidente <a href=\"https:\/\/www.facebook.com\/lopezobrador.org.mx\" target=\"_blank\" rel=\"noopener\">Andr\u00e9s Manuel L\u00f3pez Obrador<\/a>, para incorporar a la Guardia Nacional a la Sedena, viene a resquebrajar la estrategia de seguridad del Mandatario de la Naci\u00f3n.<\/p>\n<p style=\"text-align: justify;\">En etapas previas a su arribo a Palacio Nacional, L\u00f3pez Obrador como dirigente pol\u00edtico de la oposici\u00f3n, siempre se pronunci\u00f3 en contra de la militarizaci\u00f3n de los cuerpos de seguridad p\u00fablica y del regreso a los cuarteles, porque no eran funciones de su competencia y solo deber\u00edan ocuparse de la seguridad nacional.<\/p>\n<p style=\"text-align: justify;\">Una vez en el poder, reconoci\u00f3 la incapacidad de los cuerpos civiles de seguridad, federales, estatales y municipales, debido a colusi\u00f3n que manten\u00edan con grupos delictivos, convirti\u00e9ndose en los hechos cuerpos protectores de la comisi\u00f3n de delitos.<\/p>\n<p style=\"text-align: justify;\">L\u00f3pez Obrador ungido ya como Presidente de la Rep\u00fablica se percat\u00f3 de la nueva realidad, -desconocida hasta entonces- modificando radicalmente su posici\u00f3n pol\u00edtica e inclinarse por la v\u00eda de la militarizaci\u00f3n, como \u00fanica forma de enfrentar con \u00e9xito a los c\u00e1rteles y bandas criminales.<\/p>\n<p style=\"text-align: justify;\">La izquierda mexicana radical se ha opuesto rotundamente a la militarizaci\u00f3n del pa\u00eds y lo relacionado con el involucramiento de las fuerzas castrenses, en la pol\u00edtica y vida nacional. Sin embargo, hay militantes de la izquierda moderada y miembros de Morena, que respaldan a pie juntillas las decisiones del primer mandatario, en torno al fortalecimiento del sector militar y naval, en cuanto a la operaci\u00f3n y administraci\u00f3n de la Guardia Nacional, que le fue denegado por la SCJN.<\/p>\n<p style=\"text-align: justify;\">El Ej\u00e9rcito Mexicano ha venido cumpliendo eficaces contribuciones al desarrollo nacional. Sus profesionales de la ingenier\u00eda y la medicina, ya no siguen enclaustrados en los cuarteles, ahora realizan labores en beneficio directo a la poblaci\u00f3n, no solo con el Plan DN3, sino tambi\u00e9n con acciones de obras de ingenier\u00eda civil, como el Aeropuerto Internacional Felipe \u00c1ngeles (AIFA), las construcci\u00f3n de cientos de sucursales comunitarias del Banco del Bienestar, cuarteles de la Guardia Nacional en toda la Rep\u00fablica y el famoso Tren Maya, etc.<\/p>\n<p style=\"text-align: justify;\">El Presidente L\u00f3pez Obrador es un pol\u00edtico de peso completo que no se da por vencido f\u00e1cilmente. La SCJN le gan\u00f3 la primera batalla de consideraci\u00f3n, en un tema de gran trascendencia pol\u00edtica y social. Vendr\u00e1n nuevas batallas de las que el Presidente espera ganarlas, a partir de obtener una mayor\u00eda calificada en la pr\u00f3xima legislatura federal, por lo cual pondr\u00e1 todo su empe\u00f1o para llevarse \u201ccarro completo\u201d, en la inminente elecci\u00f3n federal del 2024. Si lo logra habr\u00e1 cambios sustanciales en la Constituci\u00f3n General, en esta materia y en la reforma electoral, que en breve, el \u201cPlan B\u201d, tambi\u00e9n ser\u00e1 desechado por la SCJN.<\/p>\n<p style=\"text-align: justify;\"><strong>Marea Baja.-<\/strong> Muy sentido el fallecimiento del ex rector de la UNAM, Pablo Gonz\u00e1lez <img loading=\"lazy\" decoding=\"async\" class=\"alignleft size-medium wp-image-1252834\" src=\"https:\/\/www.acapulcopress.com\/wp-content\/uploads\/2023\/04\/Pablo-Gonzalez-Casanova-1-375x250.jpg\" alt=\"\" width=\"375\" height=\"250\" \/>Casanova y fundador del Colegio de Ciencias y Humanidades (CCH), durante su fruct\u00edfero periodo rectoral.<\/p>\n<p style=\"text-align: justify;\">Gonz\u00e1lez Casanova, fue doctor en Sociolog\u00eda por la Universidad de Paris y ex director de la Facultad de Ciencias Pol\u00edticas y Sociales de la UNAM. Public\u00f3 diversos libros sobre temas de Sociolog\u00eda Pol\u00edtica, destacando brillantemente \u201cLa Democracia en M\u00e9xico\u201d, gran \u00e9xito editorial en 1965 y lectura obligada sobre este tema.<\/p>\n<p style=\"text-align: justify;\">Estuvo identificado con las luchas de movimientos sociales del pa\u00eds y Am\u00e9rica Latina. Se sum\u00f3 a la causa del Ej\u00e9rcito Zapatista de Liberaci\u00f3n Nacional (EZLN). Descanse en Gonz\u00e1lez Casanova, extraordinario y ejemplar mexicano.<\/p>\n<p style=\"text-align: justify;\"><strong>Marea Alta.-<\/strong> El Canciller Marcelo Ebrard vino nuevamente Acapulco, para reafirmar su gesti\u00f3n ante la \u201cEuropol\u201d, que agrupa a las mejores polic\u00edas de la Uni\u00f3n Europea, a fin de vincularlos con la Polic\u00eda Municipal del puerto, dentro de la \u201cNueva Estrategia de Seguridad P\u00fablica Fuerza Acapulco\u201d.<\/p>\n<p style=\"text-align: justify;\">Ebrard Casaub\u00f3n ya anda en plena campa\u00f1a presidencial, al igual que los dem\u00e1s aspirantes de Morena, que disfrazan sus eventos pol\u00edticos como si se tratara de actividades inherentes a su dependencia federal. As\u00ed est\u00e1n est\u00e1n de precipitados en la carrera presidencial.<\/p>\n<p style=\"text-align: justify;\">Maremoto.- Otros dos aspirantes presidenciales vendr\u00e1n al puerto en esta semana. Ricardo Monreal ofrecer\u00e1 un conferencia de prensa este viernes; mientras el controvertido petista Gerardo Fern\u00e1ndez Noro\u00f1a, har\u00e1 acto de presencia el d\u00eda s\u00e1bado a temprana hora, en la cancha de la CROM.<\/p>\n<p style=\"text-align: justify;\">Qui\u00e9n viene aparentemente rezagada es Claudia Sheinbaum, que todav\u00eda no hace su aparici\u00f3n por estos lares, siendo esperada con ansias por sus simpatizantes oficiales y extraoficiales, que han intensificado sus labores proselitistas para no quedarse atr\u00e1s, mientras que viene su candidata.<\/p>\n<p style=\"text-align: justify;\"><em>) S\u00edguenos en nuestra p\u00e1gina Facebook \/ @<a href=\"https:\/\/www.facebook.com\/acapulcopress.news\" target=\"_blank\" rel=\"noopener\">Acapulco Press<\/a><\/em><\/p>\n","protected":false},"excerpt":{"rendered":"<p>Marem\u00e1gnum \u00bb RICARDO | CASTILLO BARRIENTOS ) Facebook: @Ricardo Castillo Barrientos La decisi\u00f3n de los magistrados de la Suprema Corte de Justicia de la Naci\u00f3n (SCJN) de echar abajo la reforma del Presidente Andr\u00e9s Manuel L\u00f3pez Obrador, para incorporar a la Guardia Nacional a la Sedena, viene a resquebrajar la estrategia de seguridad del Mandatario&#8230;<\/p>\n","protected":false},"author":2,"featured_media":1252833,"comment_status":"closed","ping_status":"closed","sticky":false,"template":"","format":"standard","meta":{"footnotes":""},"categories":[2071,1991],"tags":[3896,7653,12503,14135,15575,16935],"class_list":["post-1252831","post","type-post","status-publish","format-standard","has-post-thumbnail","hentry","category-opinion-analisis-columnas","category-libertad-de-expresion","tag-andres-manuel-lopez-obrador","tag-ejercito-zapatista-de-liberacion-nacional-ezln","tag-maremagnum","tag-pablo-gonzalez-casanova","tag-ricardo-castillo-barrientos","tag-suprema-corte-de-justicia-de-la-nacion-scjn"],"_links":{"self":[{"href":"https:\/\/www.acapulcopress.com\/index.php\/wp-json\/wp\/v2\/posts\/1252831","targetHints":{"allow":["GET"]}}],"collection":[{"href":"https:\/\/www.acapulcopress.com\/index.php\/wp-json\/wp\/v2\/posts"}],"about":[{"href":"https:\/\/www.acapulcopress.com\/index.php\/wp-json\/wp\/v2\/types\/post"}],"author":[{"embeddable":true,"href":"https:\/\/www.acapulcopress.com\/index.php\/wp-json\/wp\/v2\/users\/2"}],"replies":[{"embeddable":true,"href":"https:\/\/www.acapulcopress.com\/index.php\/wp-json\/wp\/v2\/comments?post=1252831"}],"version-history":[{"count":0,"href":"https:\/\/www.acapulcopress.com\/index.php\/wp-json\/wp\/v2\/posts\/1252831\/revisions"}],"wp:featuredmedia":[{"embeddable":true,"href":"https:\/\/www.acapulcopress.com\/index.php\/wp-json\/"}],"wp:attachment":[{"href":"https:\/\/www.acapulcopress.com\/index.php\/wp-json\/wp\/v2\/media?parent=1252831"}],"wp:term":[{"taxonomy":"category","embeddable":true,"href":"https:\/\/www.acapulcopress.com\/index.php\/wp-json\/wp\/v2\/categories?post=1252831"},{"taxonomy":"post_tag","embeddable":true,"href":"https:\/\/www.acapulcopress.com\/index.php\/wp-json\/wp\/v2\/tags?post=1252831"}],"curies":[{"name":"wp","href":"https:\/\/api.w.org\/{rel}","templated":true}]}}