{"id":1252837,"date":"2023-04-21T00:46:45","date_gmt":"2023-04-21T05:46:45","guid":{"rendered":"https:\/\/www.acapulcopress.com\/?p=1252837"},"modified":"2023-04-21T00:46:45","modified_gmt":"2023-04-21T05:46:45","slug":"por-sus-hechos-los-conocereis","status":"publish","type":"post","link":"https:\/\/www.acapulcopress.com\/index.php\/2023\/04\/21\/por-sus-hechos-los-conocereis\/","title":{"rendered":"Por sus hechos los conocer\u00e9is"},"content":{"rendered":"<p>De Frente<br \/>\n\u00bb <strong>MIGUEL \u00c1NGEL<\/strong> | <strong>MATA MATA<\/strong><br \/>\n<em>] Facebook @<a href=\"https:\/\/www.facebook.com\/miguelmatamata\" target=\"_blank\" rel=\"noopener\">miguelmatamata<\/a>,<\/em> https:\/\/www.facebook.com\/miguelmatamata<\/p>\n<p>1.<br \/>\nEn el a\u00f1o 2021 la mayor\u00eda legislativa del partido del Movimiento de Regeneraci\u00f3n Nacional (Morena), aprob\u00f3 modificar el art\u00edculo 21 de la Constituci\u00f3n Pol\u00edtica de M\u00e9xico:<\/p>\n<p>\u201cLa investigaci\u00f3n de los delitos corresponde al Ministerio P\u00fablico y a las polic\u00edas, las cuales actuar\u00e1n bajo la conducci\u00f3n y mando de aqu\u00e9l en el ejercicio de esta funci\u00f3n. El ejercicio de la acci\u00f3n penal ante los tribunales corresponde al Ministerio P\u00fablico\u201d.<\/p>\n<p>Es decir, mando civil. No militar.<\/p>\n<p>Los ocho ministros de la Suprema Corte de Justicia de la Naci\u00f3n que votaron por defender este principio defendieron las reformas que hicieron los diputados de Morena.<\/p>\n<p>Tres votaron en contra \u00bfde qu\u00e9\u2026?<\/p>\n<p>2.<br \/>\nHasta hace dos d\u00edas, Mario Delgado, dirigente nacional de Morena, acus\u00f3 al Tribunal Federal Electoral de convertirse en un organismo lastre que obedece a intereses ajenos al progreso de la Naci\u00f3n.<\/p>\n<p>El mi\u00e9rcoles, cuando el Tribunal vot\u00f3 que don Mario puede extender su mandato hasta luego de la elecci\u00f3n el 2024, todo cambi\u00f3.<\/p>\n<p>&#8212; \u00a1Ay, oj\u00f3n!<\/p>\n<p>Desde entonces el Trife ya es bueno, seg\u00fan la moral de Morena.<\/p>\n<p>3.<br \/>\nCuando la<em> Casa Blanca<\/em> descubierta por informaci\u00f3n que proporcion\u00f3 el Instituto Nacional de Acceso a la Informaci\u00f3n P\u00fablica fue la debacle del gobierno de Enrique Pe\u00f1a Nieto, las porras y aplausos confirmaron que ten\u00edamos un organismo ciudadano que pondr\u00eda luz ante actos de corrupci\u00f3n.<\/p>\n<p>Lo mismo pas\u00f3 con la <em>Estafa Maestra<\/em> y hasta las car\u00edsimas toallas usadas en la casa del presidente Vicente Fox. Y as\u00ed\u2026<\/p>\n<p>Hoy, la moral, ha dejado de ser un \u00e1rbol que da moras para dar frondosa sombra a los protegidos de ya saben qui\u00e9n.<\/p>\n<p>La luz que se puso a los ciento cincuenta mil millones estafados en <em>Segalmex<\/em> por un protegido de Ya Sabe Qui\u00e9n logr\u00f3 el perd\u00f3n de la moral morenista: \u201c\u00e9l es bueno; a \u00e9l lo enga\u00f1aron unos pri\u00edstas tranzas\u201d, dijo YSQ.<\/p>\n<p>La informaci\u00f3n transparente nos ha dado luz y ya sabemos que el viajero frecuente, titular de la Sedena, se ha gastado 2.4 millones en un viaje de fin de semana, con cargo al erario.<\/p>\n<p>Esa revelaci\u00f3n ha sido causa de la ira en palacio en donde, cual cap\u00edtulo de la reina de corazones que cortaba cabezas, se exige con altavoces:<\/p>\n<p>&#8212; \u00a1Qu\u00e9 desaparezca el Instituto Nacional de Acceso a la Informaci\u00f3n que no sirve para nada!<\/p>\n<p>4.<br \/>\nEn Guerrero, un diputado local adicto a naciente tribu, ha sido impuesto, como cuota de poder, en la dirigencia estatal del Movimiento de Regeneraci\u00f3n Nacional.<\/p>\n<p><a href=\"https:\/\/www.facebook.com\/JaGo2024Va\" target=\"_blank\" rel=\"noopener\">Jacinto Gonz\u00e1lez Varona<\/a> pas\u00f3, de ser un jefe administrativo, que autorizaba las tarjetas de <img loading=\"lazy\" decoding=\"async\" class=\"alignleft size-medium wp-image-1252839\" src=\"https:\/\/www.acapulcopress.com\/wp-content\/uploads\/2023\/04\/chinto-375x224.jpeg\" alt=\"\" width=\"375\" height=\"224\" \/>Inapam, a quienes oficialmente somos viejitos, a una curul que correspond\u00eda a la comunidad L\u00e9sbico Gay.<\/p>\n<p>Nadie lo movi\u00f3 de la rosada curul\u2026 ni de la dirigencia estatal a la que lleg\u00f3 por traicionar al anterior presidente de la Junta de Coordinaci\u00f3n Pol\u00edtica.<\/p>\n<p>&#8212; Ya saben. Cosas de pago de cuotas pol\u00edticas que, en los bueyes de mi compadre son justas.<\/p>\n<p>5.<br \/>\nAl ocioso y holgaz\u00e1n se le dice Baquet\u00f3n.<\/p>\n<p>Don Gonz\u00e1lez es uno de los diputados locales de Guerrero con menor producci\u00f3n legislativa. Como dirigente de Morena sucede lo mismo: hace lo que le ordenan.<\/p>\n<p>O sea: \u00e9l es el aut\u00e9ntico, original, verdadero, el no hay otro baquet\u00f3n.<\/p>\n<p><img loading=\"lazy\" decoding=\"async\" class=\"alignleft size-medium wp-image-1252843\" src=\"https:\/\/www.acapulcopress.com\/wp-content\/uploads\/2023\/04\/chinto5-375x218.jpeg\" alt=\"\" width=\"375\" height=\"218\" \/>Recientemente acus\u00f3 a la diputada local, Gaby Bernal, de ser utilizada como un objeto femenino para usos pol\u00edticos, cuando la retrataron con un huipil.<\/p>\n<p>Don Varona ofendi\u00f3, por cuestiones de g\u00e9nero pol\u00edtico, a su compa\u00f1era de legislatura y, por ignorancia, supina y crasa, a las comunidades afromexicanas e ind\u00edgenas.<\/p>\n<p>Suma tres condenas, Don Baquet\u00f3n: de la comunidad LGBT, por ocupar una curul que le corresponde a ellos; de las mujeres, por la agresi\u00f3n a Gaby y, la tercera:<\/p>\n<p>De las comunidades ind\u00edgenas y afromexicanas de la entidad pues\u2026<\/p>\n<p>&#8212; \u00a1Tambi\u00e9n ofendi\u00f3 al huipil al estigmatizar la prenda como un art\u00edculo clasista!<\/p>\n<p><img loading=\"lazy\" decoding=\"async\" class=\"alignleft size-medium wp-image-1252840\" src=\"https:\/\/www.acapulcopress.com\/wp-content\/uploads\/2023\/04\/chinto2-375x190.jpeg\" alt=\"\" width=\"375\" height=\"190\" \/>6.<br \/>\nNada qu\u00e9 extra\u00f1ar de esos comportamientos con cu\u00e1druple moral.<\/p>\n<p>Al inicio de la actual legislatura, la diputada de Morena, Yoloczin Dom\u00ednguez Serna, fue agredida por un ex regidor de Morena, llamado Alain Rodr\u00edguez, quien pertenece a la misma tribu morenista que el se\u00f1or Varona.<\/p>\n<p>&#8212; \u00bfSer\u00e1 requisito ingresar a esa tribu con la misoginia por delante?<\/p>\n<p><strong>Es pregunta.<br \/>\n<\/strong><br \/>\nAquella agresi\u00f3n a Yolo fue causa que todas, todas las diputadas locales, cerrasen filas, sin importar el color del partido: defendieron a Do\u00f1a Yolo.<\/p>\n<p>Hoy, las diputadas de Morena defendieron al agresor baquet\u00f3n.<\/p>\n<p>&#8212; \u00bfTambi\u00e9n es requisito en Morena ser as\u00ed, as\u00ed como son?<\/p>\n<p><strong>Es otra pregunta.<\/strong><\/p>\n<p>7.<br \/>\nEsa una moral poli\u00e9drica. O, como lo describi\u00f3 Facundo Cabral en su<em> Oda a los Pendejos<\/em>: esf\u00e9rica, pues lo es por todos lados.<\/p>\n<p>La semana pasada fue asesinado el joven Omar Reyes Campos, hijo de Pilar Campos y Ventura Reyes, personajes que SI dieron sangre a la lucha a favor de la izquierda y la democracia en M\u00e9xico.<\/p>\n<p><em>Quien sepa de historia que calle y comprenda.<\/em><\/p>\n<p>Omar fue asesinado cuando aplicaba calcoman\u00edas a los medallones de taxis de una agrupaci\u00f3n de la que es dirigente.<\/p>\n<p>Fue invitado a esa acci\u00f3n por la diputada Yoloczin Dom\u00ednguez Serna. Al siguiente D\u00eda Do\u00f1a Yolo invit\u00f3, en masivo evento, a que, si a tu casa toca la encuesta, Claudia Sheinbaum es la respuesta.<\/p>\n<p>Mientras ella andaba de fiesta en casa de Omar lo lloraban.<\/p>\n<p>&#8212; \u00bfApareci\u00f3 una condena al homicidio? \u00bfUn llamado a castigar a los asesinos? \u00bfAlguna esquela? \u00bfUn abrazo? \u00bfUna palabra de aliento?<\/p>\n<p>Nada de nada.<\/p>\n<p>Nom\u00e1s esa moral poli\u00e9drica o esf\u00e9rica: nula por todos lados.<\/p>\n<p>\u00bfEso son los militantes de Morena?<\/p>\n<p>8.<br \/>\nMateo 7:16 <em>Por sus frutos los conocer\u00e9is.<\/em><\/p>\n<p>\u00bfAcaso se recogen uvas de los espinos, o higos de los abrojos?<\/p>\n<p>As\u00ed, todo buen \u00e1rbol da buenos frutos, pero el \u00e1rbol malo da frutos malos.<\/p>\n<p>No puede el buen \u00e1rbol dar malos frutos, ni el \u00e1rbol malo dar frutos buenos.<br \/>\nTodo \u00e1rbol que no da buen fruto, es cortado y echado en el fuego.<\/p>\n<p>As\u00ed que, por sus frutos\u00a0los\u00a0conocer\u00e9is.<\/p>\n<p><em>) S\u00edguenos en nuestra p\u00e1gina Facebook \/ @<a href=\"https:\/\/www.facebook.com\/acapulcopress.news\" target=\"_blank\" rel=\"noopener\">Acapulco Press<\/a><\/em><\/p>\n","protected":false},"excerpt":{"rendered":"<p>De Frente \u00bb MIGUEL \u00c1NGEL | MATA MATA ] Facebook @miguelmatamata, https:\/\/www.facebook.com\/miguelmatamata 1. En el a\u00f1o 2021 la mayor\u00eda legislativa del partido del Movimiento de Regeneraci\u00f3n Nacional (Morena), aprob\u00f3 modificar el art\u00edculo 21 de la Constituci\u00f3n Pol\u00edtica de M\u00e9xico: \u201cLa investigaci\u00f3n de los delitos corresponde al Ministerio P\u00fablico y a las polic\u00edas, las cuales actuar\u00e1n&#8230;<\/p>\n","protected":false},"author":2,"featured_media":1252838,"comment_status":"closed","ping_status":"closed","sticky":false,"template":"","format":"standard","meta":{"footnotes":""},"categories":[2071,1991],"tags":[3448,7007,9074,10533,13101,13870,18260],"class_list":["post-1252837","post","type-post","status-publish","format-standard","has-post-thumbnail","hentry","category-opinion-analisis-columnas","category-libertad-de-expresion","tag-alain-rodriguez","tag-de-frente","tag-gaby-bernal","tag-jacinto-gonzalez-varona","tag-miguel-angel-mata-mata","tag-oda-a-los-pendejos","tag-yoloczin-dominguez-serna"],"_links":{"self":[{"href":"https:\/\/www.acapulcopress.com\/index.php\/wp-json\/wp\/v2\/posts\/1252837","targetHints":{"allow":["GET"]}}],"collection":[{"href":"https:\/\/www.acapulcopress.com\/index.php\/wp-json\/wp\/v2\/posts"}],"about":[{"href":"https:\/\/www.acapulcopress.com\/index.php\/wp-json\/wp\/v2\/types\/post"}],"author":[{"embeddable":true,"href":"https:\/\/www.acapulcopress.com\/index.php\/wp-json\/wp\/v2\/users\/2"}],"replies":[{"embeddable":true,"href":"https:\/\/www.acapulcopress.com\/index.php\/wp-json\/wp\/v2\/comments?post=1252837"}],"version-history":[{"count":0,"href":"https:\/\/www.acapulcopress.com\/index.php\/wp-json\/wp\/v2\/posts\/1252837\/revisions"}],"wp:featuredmedia":[{"embeddable":true,"href":"https:\/\/www.acapulcopress.com\/index.php\/wp-json\/"}],"wp:attachment":[{"href":"https:\/\/www.acapulcopress.com\/index.php\/wp-json\/wp\/v2\/media?parent=1252837"}],"wp:term":[{"taxonomy":"category","embeddable":true,"href":"https:\/\/www.acapulcopress.com\/index.php\/wp-json\/wp\/v2\/categories?post=1252837"},{"taxonomy":"post_tag","embeddable":true,"href":"https:\/\/www.acapulcopress.com\/index.php\/wp-json\/wp\/v2\/tags?post=1252837"}],"curies":[{"name":"wp","href":"https:\/\/api.w.org\/{rel}","templated":true}]}}