{"id":1252846,"date":"2023-04-21T01:01:21","date_gmt":"2023-04-21T06:01:21","guid":{"rendered":"https:\/\/www.acapulcopress.com\/?p=1252846"},"modified":"2023-04-21T01:01:21","modified_gmt":"2023-04-21T06:01:21","slug":"plantean-creacion-de-comision-de-atencion-a-victimas-del-delito-y-desaparecidos","status":"publish","type":"post","link":"https:\/\/www.acapulcopress.com\/index.php\/2023\/04\/21\/plantean-creacion-de-comision-de-atencion-a-victimas-del-delito-y-desaparecidos\/","title":{"rendered":"Plantean creaci\u00f3n de Comisi\u00f3n de Atenci\u00f3n a V\u00edctimas del Delito y Desaparecidos"},"content":{"rendered":"<p style=\"text-align: justify;\">CHILPANCINGO * 20 de abril de 2023.<br \/>\n<em>) Congreso de Guerrero<\/em><br \/>\nEl diputado Alfredo S\u00e1nchez Esquivel propuso reformar la Ley Org\u00e1nica del Poder Legislativo del Estado para crear la Comisi\u00f3n de Atenci\u00f3n a V\u00edctimas del Delito y Personas Desaparecidas, que atienda esta problem\u00e1tica y garantice que en Guerrero se otorga protecci\u00f3n al goce y disfrute de los derechos humanos.<\/p>\n<p style=\"text-align: justify;\">Al presentar su propuesta, el legislador de Morena refiri\u00f3 que existe una gran cantidad de personas organizadas luchando diariamente para que aparezcan sus familiares desaparecidos, se reparen los da\u00f1os a las v\u00edctimas, se castiguen las injusticias y se termine la impunidad.<\/p>\n<p style=\"text-align: justify;\">Se\u00f1al\u00f3 que aun cuando se han realizado diversas reformas a la Constituci\u00f3n Pol\u00edtica en materia de derechos humanos, como la garant\u00eda de protecci\u00f3n m\u00e1s amplia, prevenci\u00f3n, promoci\u00f3n y reparaci\u00f3n del da\u00f1o a las v\u00edctimas, el delito de desaparici\u00f3n de personas es una realidad que cada d\u00eda aumenta m\u00e1s.<\/p>\n<p style=\"text-align: justify;\">Abund\u00f3 que Guerrero carece de instrumentos actualizados, necesarios y reclamados por las organizaciones y colectivos para atender esta problem\u00e1tica, y \u201caunque sabemos que ya se est\u00e1 analizando el dictamen de la ley recientemente presentada, consideramos importante la creaci\u00f3n de instrumentos que logren dar garant\u00eda de justicia y atenci\u00f3n al problema\u201d.<\/p>\n<p style=\"text-align: justify;\">Refiri\u00f3 que hace unos meses, atendiendo a los colectivos de familias de personas desaparecidas, \u201cen el an\u00e1lisis de sus<\/p>\n<p style=\"text-align: justify;\">propuestas y exigencias, nos dimos cuenta de los pocos instrumentos que tenemos para darles respuesta; por eso hoy hago la presentaci\u00f3n de esta iniciativa de creaci\u00f3n de una comisi\u00f3n legislativa que atienda, desde el \u00e1mbito de su competencia, esta problem\u00e1tica creciente\u201d.<\/p>\n<p style=\"text-align: justify;\">El legislador plantea que la Comisi\u00f3n de Atenci\u00f3n a V\u00edctimas y Personas Desaparecidas tenga como atribuciones vigilar y atender la normatividad internacional y nacional existente, para generar una adecuada actualizaci\u00f3n de los par\u00e1metros legales y jur\u00eddicos que participan en el proceso legislativo local.<\/p>\n<p style=\"text-align: justify;\">Asimismo, coadyuvar con la Comisi\u00f3n de B\u00fasqueda de Personas Desaparecidas y no Localizadas de Guerrero y con la Comisi\u00f3n Ejecutiva de Atenci\u00f3n a V\u00edctimas de Guerrero, adem\u00e1s de establecer coordinaci\u00f3n para casos a nivel municipal, nacional y en su caso internacional, para asegurar la localizaci\u00f3n de las personas desaparecidas.<\/p>\n<p style=\"text-align: justify;\">La propuesta fue turnada a la Comisi\u00f3n de Estudios Constitucionales y Jur\u00eddicos para su correspondiente an\u00e1lisis y dictaminaci\u00f3n.<\/p>\n<p style=\"text-align: justify;\">Iniciativas En la misma sesi\u00f3n, el diputado S\u00e1nchez Esquivel, a nombre tambi\u00e9n de la diputada Jessica Alejo Rayo, present\u00f3 una iniciativa de adici\u00f3n a la Ley de Instituciones y Procedimientos Electorales del Estado de Guerrero para que los partidos pol\u00edticos tengan la obligaci\u00f3n de postular a personas adultas mayores entre las primeras cinco f\u00f3rmulas de candidatos a diputaciones de representaci\u00f3n proporcional, as\u00ed como en las listas de regidores de los ayuntamientos. Por su parte, el diputado Osbaldo R\u00edos Manrique (Morena) present\u00f3 una iniciativa de reforma y adici\u00f3n a la Ley de Atenci\u00f3n a los Migrantes del Estado para anexar el lenguaje incluyente, perspectiva de g\u00e9nero y el respeto al inter\u00e9s superior del menor, adem\u00e1s de permitir la colaboraci\u00f3n interinstitucional e<\/p>\n<p style=\"text-align: justify;\">internacional, y con ello formalizar la provisi\u00f3n de donativos que beneficien a este sector. En su oportunidad, la diputada Jessica Alejo Rayo (Morena) present\u00f3 una iniciativa de reformas a las leyes de Salud, de Obras P\u00fablicas y sus Servicios, y para la Protecci\u00f3n de los Derechos de Ni\u00f1as, Ni\u00f1os y Adolescentes del Estado, para que en todas las instalaciones del servicio p\u00fablico y privado se acondicionen cambiadores de pa\u00f1ales, ya sea en los sanitarios o uno denominado \u201cfamiliar\u201d, para garantizar la privacidad, seguridad, comodidad e higiene de los usuarios.<\/p>\n<p style=\"text-align: justify;\"><em>) S\u00edguenos en nuestra p\u00e1gina Facebook \/ @A<a href=\"https:\/\/www.facebook.com\/acapulcopress.news\" target=\"_blank\" rel=\"noopener\">capulco Press<\/a><\/em><\/p>\n","protected":false},"excerpt":{"rendered":"<p>CHILPANCINGO * 20 de abril de 2023. ) Congreso de Guerrero El diputado Alfredo S\u00e1nchez Esquivel propuso reformar la Ley Org\u00e1nica del Poder Legislativo del Estado para crear la Comisi\u00f3n de Atenci\u00f3n a V\u00edctimas del Delito y Personas Desaparecidas, que atienda esta problem\u00e1tica y garantice que en Guerrero se otorga protecci\u00f3n al goce y disfrute&#8230;<\/p>\n","protected":false},"author":2,"featured_media":1252847,"comment_status":"closed","ping_status":"closed","sticky":false,"template":"","format":"standard","meta":{"footnotes":""},"categories":[61,18561],"tags":[],"class_list":["post-1252846","post","type-post","status-publish","format-standard","has-post-thumbnail","hentry","category-legislacion","category-society-politics"],"_links":{"self":[{"href":"https:\/\/www.acapulcopress.com\/index.php\/wp-json\/wp\/v2\/posts\/1252846","targetHints":{"allow":["GET"]}}],"collection":[{"href":"https:\/\/www.acapulcopress.com\/index.php\/wp-json\/wp\/v2\/posts"}],"about":[{"href":"https:\/\/www.acapulcopress.com\/index.php\/wp-json\/wp\/v2\/types\/post"}],"author":[{"embeddable":true,"href":"https:\/\/www.acapulcopress.com\/index.php\/wp-json\/wp\/v2\/users\/2"}],"replies":[{"embeddable":true,"href":"https:\/\/www.acapulcopress.com\/index.php\/wp-json\/wp\/v2\/comments?post=1252846"}],"version-history":[{"count":0,"href":"https:\/\/www.acapulcopress.com\/index.php\/wp-json\/wp\/v2\/posts\/1252846\/revisions"}],"wp:featuredmedia":[{"embeddable":true,"href":"https:\/\/www.acapulcopress.com\/index.php\/wp-json\/"}],"wp:attachment":[{"href":"https:\/\/www.acapulcopress.com\/index.php\/wp-json\/wp\/v2\/media?parent=1252846"}],"wp:term":[{"taxonomy":"category","embeddable":true,"href":"https:\/\/www.acapulcopress.com\/index.php\/wp-json\/wp\/v2\/categories?post=1252846"},{"taxonomy":"post_tag","embeddable":true,"href":"https:\/\/www.acapulcopress.com\/index.php\/wp-json\/wp\/v2\/tags?post=1252846"}],"curies":[{"name":"wp","href":"https:\/\/api.w.org\/{rel}","templated":true}]}}