{"id":1252853,"date":"2023-04-21T20:05:44","date_gmt":"2023-04-22T01:05:44","guid":{"rendered":"https:\/\/www.acapulcopress.com\/?p=1252853"},"modified":"2023-04-21T20:05:44","modified_gmt":"2023-04-22T01:05:44","slug":"cuanto-gano-o-se-perdio-con-la-venta-del-avion","status":"publish","type":"post","link":"https:\/\/www.acapulcopress.com\/index.php\/2023\/04\/21\/cuanto-gano-o-se-perdio-con-la-venta-del-avion\/","title":{"rendered":"\u00bfCu\u00e1nto se gan\u00f3 o se perdi\u00f3 con la venta del avi\u00f3n?"},"content":{"rendered":"<p style=\"text-align: justify;\">\u00bb <strong>Joshua<\/strong> | <strong>Hern\u00e1ndez<\/strong><br \/>\nCIUDAD DE M\u00c9XICO * 21 de abril de 2023.<br \/>\n<em>) <a href=\"https:\/\/www.infobae.com\/mexico\/2023\/04\/21\/cuanto-gano-o-perdio-amlo-con-la-venta-del-avion-presidencial-a-tayikistan\/\" target=\"_blank\" rel=\"noopener\">Infobae<\/a><\/em><br \/>\nEl presidente <a href=\"https:\/\/www.facebook.com\/lopezobrador.org.mx\" target=\"_blank\" rel=\"noopener\">Andr\u00e9s Manuel L\u00f3pez Obrador<\/a> (AMLO) anunci\u00f3 que por fin vendi\u00f3 el avi\u00f3n presidencial \u201cJos\u00e9 Mar\u00eda Morelos y Pav\u00f3n\u201d al gobierno de Tayikist\u00e1n en mil 658 millones de pesos (USD 92 millones aproximadamente), con lo cual dio fin a un pendiente m\u00e1s que ten\u00eda desde su campa\u00f1a triunfante de 2018, donde prometi\u00f3 deshacerse del avi\u00f3n que \u201cno ten\u00eda ni Obama\u201d.<\/p>\n<p style=\"text-align: justify;\">Sin embargo, al calor de la noticia, algunas voces en redes sociales se comenzaron a preguntar si esta transacci\u00f3n fue favorable para M\u00e9xico o no, por lo que, para satisfacer esta duda, se debe de revisar el proceso de adquisici\u00f3n de la aeronave y el que se acaba de concretar este jueves 20 de abril.<\/p>\n<p style=\"text-align: justify;\">\u201cJos\u00e9 Mar\u00eda Morelos y Pav\u00f3n\u201d es un Boeing 787-8 de 1983 remodelado con acabados de lujo que Banobras lo adquiri\u00f3 en 2012 por un costo de USD 114.6 millones. El gobierno de Felipe Calder\u00f3n (PAN) fue el encargado de realizar la compra, algo que fue sumamente criticado por la poblaci\u00f3n, pues se trataba de un lujo que, a ojo de la opini\u00f3n p\u00fablica, era un \u201cregalo\u201d para Enrique Pe\u00f1a Nieto (PRI).<\/p>\n<p style=\"text-align: justify;\">Y es que la adquisici\u00f3n del avi\u00f3n la hizo el gobierno federal, a trav\u00e9s de Banobras, despu\u00e9s de las elecciones de 2012, en la que se confirm\u00f3 la victoria del Partido Revolucionario Institucional (PRI). De tal modo que la administraci\u00f3n de Calder\u00f3n Hinojosa, del Partido Acci\u00f3n Nacional (PAN) no har\u00eda uso del avi\u00f3n, pero Pe\u00f1a Nieto s\u00ed, de hecho lo ocup\u00f3 durante todo su sexenio para visitar diferentes partes del mundo acompa\u00f1ado de su s\u00e9quito, familia y amigos.<\/p>\n<p style=\"text-align: justify;\">Fue por ello que, desde que inici\u00f3 su campa\u00f1a en 2018, L\u00f3pez Obrador tild\u00f3 el Boeing 787-8 que compr\u00f3 Calder\u00f3n como un lujo que denota la opulencia con la que se est\u00e1 acostumbrada a gobernar la clase pol\u00edtica de M\u00e9xico. De hecho, es en ese contexto donde naci\u00f3 la c\u00e9lebre frase de que ese avi\u00f3n \u201cno lo tiene ni Obama\u201d.<\/p>\n<p style=\"text-align: justify;\">Entonces, al dar el anuncio de la venta del avi\u00f3n presidencial, el jefe del ejecutivo federal adelant\u00f3 que el monto recaudado se utilizar\u00e1 para la construcci\u00f3n de dos hospitales en Guerrero y Oaxaca, con una capacidad de 80 camas cada uno y, de esta manera, garantizar el derecho a la salud de poblaciones vulnerables.<\/p>\n<p style=\"text-align: justify;\">\u201cInformo al pueblo de M\u00e9xico que hoy se celebr\u00f3 el contrato de compra-venta del avi\u00f3n presidencial. El gobierno de Tayikist\u00e1n deposit\u00f3 mil 658 millones 684 mil 400 pesos, de conformidad con el aval\u00fao oficial, a la cuenta del Instituto para Devolver al Pueblo lo Robado. Este dinero se invertir\u00e1 en dos hospitales, en Tlapa, Guerrero y en Tuxtepec, Oaxaca, que ser\u00e1n construidos por los ingenieros militares e inaugurados antes de terminar nuestro mandato\u201d<\/p>\n<p style=\"text-align: justify;\">Asimismo, Jorge Mendoza, director general del Banco Nacional de Obras y Servicios P\u00fablicos, S.N.C. (Banobras), se\u00f1al\u00f3 algunos pormenores de la transacci\u00f3n y explic\u00f3 que el dep\u00f3sito ya fue cubierto por el gobierno de Tayikist\u00e1n y cuentan con 10 d\u00edas naturales para llevarse el avi\u00f3n a su pa\u00eds, ubicado en Asia.<\/p>\n<p style=\"text-align: justify;\">Mendoza S\u00e1nchez tambi\u00e9n se\u00f1al\u00f3 que se van a generar ahorros por 332 millones de pesos de intereses que le ten\u00eda que pagar el gobierno federal a Banobras, pues con esto se liquida el arrendamiento que exist\u00eda. Despu\u00e9s, los recursos se integrar\u00e1n a la Tesorer\u00eda de la Federaci\u00f3n (Tesofe) para direccionarse al sector Salud y proceder con la creaci\u00f3n de los hospitales.<\/p>\n<p style=\"text-align: justify;\">Sin embargo, se debe de entender si esto es ben\u00e9fico para el pueblo de M\u00e9xico o no. En n\u00fameros redondos, el avi\u00f3n le cost\u00f3 a M\u00e9xico, en 2012, 114 millones de d\u00f3lares; y ahora que se concret\u00f3 la venta, est\u00e1 fue de 92 millones de d\u00f3lares que representa una p\u00e9rdida de 22 millones; sin embargo, se debe de entender que, como cualquier bien, el avi\u00f3n se depreci\u00f3.<\/p>\n<p style=\"text-align: justify;\">Adem\u00e1s, cuando se hacen las cuentas en pesos mexicanos, se descubre que el avi\u00f3n le cost\u00f3 al pueblo cuando gobern\u00f3 Felipe Calder\u00f3n mil 547 millones de pesos; en contraste, el gobierno de AMLO ya anunci\u00f3 que el avi\u00f3n lo vendi\u00f3 en mil 658 millones de pesos, es decir 111 millones de pesos m\u00e1s. Aunado a ello, el costo de la aeronave, de acuerdo con la narrativa de AMLO, corresponde al aval\u00fao oficial.<\/p>\n<p style=\"text-align: justify;\"><strong>DATOS DE COMPRADOR<\/strong><\/p>\n<p style=\"text-align: justify;\">Tayikist\u00e1n, el cual compr\u00f3 el avi\u00f3n presidencial de M\u00e9xico, ha estado dominado por un solo <img loading=\"lazy\" decoding=\"async\" class=\"alignleft size-medium wp-image-1252854\" src=\"https:\/\/www.acapulcopress.com\/wp-content\/uploads\/2023\/04\/Emomali-Rahmontj-375x375.jpg\" alt=\"\" width=\"375\" height=\"375\" \/>hombre desde 1994, hace casi 30 a\u00f1os: <a href=\"https:\/\/www.facebook.com\/emomalirahmontj\" target=\"_blank\" rel=\"noopener\">\u042d\u043c\u043e\u043c\u0430\u043b\u04e3 \u0420\u0430\u04b3\u043c\u043e\u043d &#8211; Emomali Rahmon<\/a>.<\/p>\n<p style=\"text-align: justify;\">Este pa\u00eds asi\u00e1tico perteneci\u00f3 a la URSS, de la cual se independiz\u00f3 en 1991; tras ello, padeci\u00f3 una guerra civil que termin\u00f3 hasta 1997 con la firma de un acuerdo de paz entre el presidente Rahmon y la oposici\u00f3n pol\u00edtica tras la mediaci\u00f3n de la ONU, Rusia e Ir\u00e1n. El saldo de la guerra civil fue de unos 100,000 muertos y 1.2 millones de refugiados.<\/p>\n<p style=\"text-align: justify;\">Ninguna de las elecciones celebradas en el Tayikist\u00e1n independiente ha podido ser calificada como comicios libres y justos, al no ajustarse a los m\u00ednimos est\u00e1ndares internacionales, seg\u00fan la evaluaci\u00f3n de las misiones de observaci\u00f3n electoral de la Organizaci\u00f3n para la Seguridad y la Cooperaci\u00f3n en Europa (OSCE), refiere el Ministerio de Asuntos Exteriores de Espa\u00f1a.<\/p>\n<p style=\"text-align: justify;\">El 22 de mayo de 2016, Tayikist\u00e1n realiz\u00f3 un refer\u00e9ndum popular para la aprobaci\u00f3n de 41 reformas a su Constituci\u00f3n, las cuales fueron aprobadas con 94.5% de los votos. Entre los cambios m\u00e1s destacadas estuvo la posibilidad de que el presidente se pueda reelegir de manera indefinida.<\/p>\n<p style=\"text-align: justify;\">La Rep\u00fablica de Tayikist\u00e1n se ubica en Asia Central, tiene fronteras con Afganist\u00e1n, al sur; China, al este; Kirguist\u00e1n, al norte, y Uzbekist\u00e1n, al oeste.<\/p>\n<p style=\"text-align: justify;\">El pa\u00eds tiene poco menos de 10 millones de habitantes, el 90% de ellos musulmanes; la esperanza de vida al nacer es de 69 a\u00f1os y cuenta con un PIB per c\u00e1pita de 890.17 d\u00f3lares.<\/p>\n<p style=\"text-align: justify;\">La Secretar\u00eda de Relaciones Exteriores (SRE) de M\u00e9xico no cuenta con embajada en Tayikist\u00e1n, por lo que la sede diplom\u00e1tica que mantiene la relaci\u00f3n con el pa\u00eds es la ubicada en Ir\u00e1n.<\/p>\n<p style=\"text-align: justify;\"><em>) S\u00edguenos en nuestra p\u00e1gina Facebook \/ @<a href=\"https:\/\/www.facebook.com\/acapulcopress.news\" target=\"_blank\" rel=\"noopener\">Acapulco Press<\/a><\/em><\/p>\n","protected":false},"excerpt":{"rendered":"<p>\u00bb Joshua | Hern\u00e1ndez CIUDAD DE M\u00c9XICO * 21 de abril de 2023. ) Infobae El presidente Andr\u00e9s Manuel L\u00f3pez Obrador (AMLO) anunci\u00f3 que por fin vendi\u00f3 el avi\u00f3n presidencial \u201cJos\u00e9 Mar\u00eda Morelos y Pav\u00f3n\u201d al gobierno de Tayikist\u00e1n en mil 658 millones de pesos (USD 92 millones aproximadamente), con lo cual dio fin a&#8230;<\/p>\n","protected":false},"author":2,"featured_media":1252855,"comment_status":"closed","ping_status":"closed","sticky":false,"template":"","format":"standard","meta":{"footnotes":""},"categories":[1997],"tags":[3896,4801,9319],"class_list":["post-1252853","post","type-post","status-publish","format-standard","has-post-thumbnail","hentry","category-noticias-destacadas","tag-andres-manuel-lopez-obrador","tag-boeing-787-8","tag-gobierno-de-tayikistan"],"_links":{"self":[{"href":"https:\/\/www.acapulcopress.com\/index.php\/wp-json\/wp\/v2\/posts\/1252853","targetHints":{"allow":["GET"]}}],"collection":[{"href":"https:\/\/www.acapulcopress.com\/index.php\/wp-json\/wp\/v2\/posts"}],"about":[{"href":"https:\/\/www.acapulcopress.com\/index.php\/wp-json\/wp\/v2\/types\/post"}],"author":[{"embeddable":true,"href":"https:\/\/www.acapulcopress.com\/index.php\/wp-json\/wp\/v2\/users\/2"}],"replies":[{"embeddable":true,"href":"https:\/\/www.acapulcopress.com\/index.php\/wp-json\/wp\/v2\/comments?post=1252853"}],"version-history":[{"count":0,"href":"https:\/\/www.acapulcopress.com\/index.php\/wp-json\/wp\/v2\/posts\/1252853\/revisions"}],"wp:featuredmedia":[{"embeddable":true,"href":"https:\/\/www.acapulcopress.com\/index.php\/wp-json\/"}],"wp:attachment":[{"href":"https:\/\/www.acapulcopress.com\/index.php\/wp-json\/wp\/v2\/media?parent=1252853"}],"wp:term":[{"taxonomy":"category","embeddable":true,"href":"https:\/\/www.acapulcopress.com\/index.php\/wp-json\/wp\/v2\/categories?post=1252853"},{"taxonomy":"post_tag","embeddable":true,"href":"https:\/\/www.acapulcopress.com\/index.php\/wp-json\/wp\/v2\/tags?post=1252853"}],"curies":[{"name":"wp","href":"https:\/\/api.w.org\/{rel}","templated":true}]}}