{"id":1252862,"date":"2023-04-21T21:43:48","date_gmt":"2023-04-22T02:43:48","guid":{"rendered":"https:\/\/www.acapulcopress.com\/?p=1252862"},"modified":"2023-04-21T21:43:48","modified_gmt":"2023-04-22T02:43:48","slug":"asistio-evelyn-salgado-a-109-aniversario-de-gesta-heroica-del-puerto-de-veracruz","status":"publish","type":"post","link":"https:\/\/www.acapulcopress.com\/index.php\/2023\/04\/21\/asistio-evelyn-salgado-a-109-aniversario-de-gesta-heroica-del-puerto-de-veracruz\/","title":{"rendered":"Asisti\u00f3 Evelyn Salgado a 109 Aniversario de Gesta Heroica del Puerto de Veracruz"},"content":{"rendered":"<p style=\"text-align: justify;\">ACAPULCO * 21 de abril de 2023.<br \/>\n<em>) Gobierno de Guerrero<\/em><br \/>\nDurante su participaci\u00f3n en la Ceremonia Conmemorativa al 109 Aniversario de la Gesta <img loading=\"lazy\" decoding=\"async\" class=\"alignleft size-medium wp-image-1252866\" src=\"https:\/\/www.acapulcopress.com\/wp-content\/uploads\/2023\/04\/esp.veracruz4-375x250.jpg\" alt=\"\" width=\"375\" height=\"250\" \/>Heroica del Puerto de Veracruz del 21 de abril de 1914, la gobernadora <a href=\"https:\/\/www.facebook.com\/EvelynSalgadoP\" target=\"_blank\" rel=\"noopener\">Evelyn Salgado Pineda<\/a> honr\u00f3 la memoria de quienes han dado su vida por la defensa de la Patria y refrend\u00f3 el compromiso absoluto de seguir trabajando de la mano con las instituciones, para fortalecer las tareas de construcci\u00f3n de la paz, de reconstrucci\u00f3n del tejido social, de la generaci\u00f3n de bienestar para las familias de Acapulco y para las familias de Guerrero.<\/p>\n<p style=\"text-align: justify;\">\u201cPor eso hoy los honramos con la memoria, pero tambi\u00e9n los honramos con la acci\u00f3n. Con la memoria, para nunca olvidar de d\u00f3nde venimos, nuestras ra\u00edces, nunca perder de vista nuestra historia, que nos motiva y que nos empuja todos los d\u00edas a salir adelante. Con la acci\u00f3n, para llevar a la pr\u00e1ctica los m\u00e1s altos valores navales, siempre navegando por lo <img loading=\"lazy\" decoding=\"async\" class=\"alignleft size-medium wp-image-1252871\" src=\"https:\/\/www.acapulcopress.com\/wp-content\/uploads\/2023\/04\/esp.veracruz9-375x244.jpg\" alt=\"\" width=\"375\" height=\"244\" \/>correcto, con honor, con deber, con lealtad y con patriotismo; valores que siempre han distinguido a esta gran instituci\u00f3n de la Marina Armada de M\u00e9xico\u201d, dijo.<\/p>\n<p style=\"text-align: justify;\">En el acto realizado en la explanada de las instalaciones de la D\u00e9cima Octava Regi\u00f3n Naval, la gobernadora expres\u00f3 su reconocimiento al Ej\u00e9rcito, la Guardia Nacional, las polic\u00edas estatales y municipales, as\u00ed como todas las instituciones, que desde sus diferentes trincheras trabajan de manera incansable, con valent\u00eda, transparencia y honestidad.<\/p>\n<p style=\"text-align: justify;\">De igual manera, pidi\u00f3 tener siempre presente que, \u201csomos hijas e hijos de esta tradici\u00f3n, que nuestra historia nos obliga a seguir adelante, a fortalecer nuestras instituciones, a <img loading=\"lazy\" decoding=\"async\" class=\"alignleft size-medium wp-image-1252873\" src=\"https:\/\/www.acapulcopress.com\/wp-content\/uploads\/2023\/04\/esp.veracruz11-375x250.jpg\" alt=\"\" width=\"375\" height=\"250\" \/>valorar a quienes nos antecedieron y a trabajar de manera incansable siempre en beneficio del pueblo de Guerrero\u201d.<\/p>\n<p style=\"text-align: justify;\">En su participaci\u00f3n, el comandante de la D\u00e9cima Segunda Regi\u00f3n Naval, Julio C\u00e9sar Pescina \u00c1vila ley\u00f3 el mensaje oficial alusivo a esta fecha del secretario de Marina Jos\u00e9 Rafael Ojeda Dur\u00e1n, en donde resalt\u00f3 que esta conmemoraci\u00f3n se resume en un gran valor patrio. \u201cA 109 a\u00f1os de la heroica defensa del puerto de Veracruz, el honor, deber, lealtad y patriotismo que impuls\u00f3 a los marinos navales al amparo de la Patria, siguen intactos. Valores que son el faro que gu\u00eda el actuar de las y los integrantes de nuestra instituci\u00f3n\u201d, dijo.<\/p>\n<p style=\"text-align: justify;\">Durante el acto, la gobernadora dio lectura a la lista de h\u00e9roes de la Heroica Escuela Naval <img loading=\"lazy\" decoding=\"async\" class=\"alignleft size-medium wp-image-1252868\" src=\"https:\/\/www.acapulcopress.com\/wp-content\/uploads\/2023\/04\/esp.veracruz6-375x250.jpg\" alt=\"\" width=\"375\" height=\"250\" \/>Militar y del Heroico Colegio Militar. En tanto que la alumna de tercer grado de preparatoria de la Universidad Aut\u00f3noma de Guerrero, Angely Salmer\u00f3n Oscuro recit\u00f3 la poes\u00eda Heroica Escuela Naval.<\/p>\n<p style=\"text-align: justify;\">Tambi\u00e9n se llev\u00f3 a cabo la entrega de citaci\u00f3n a nueve elementos, en representaci\u00f3n del personal naval perteneciente a esta jurisdicci\u00f3n, por su relevante participaci\u00f3n en la Jornada de Atenci\u00f3n M\u00e9dica en lugares de dif\u00edcil acceso.<\/p>\n<p style=\"text-align: justify;\">Asistieron a este evento el secretario general de Gobierno, Ludwig Marcial Reynoso N\u00fa\u00f1ez; el presidente del Tribunal Superior de Justicia del Estado, Raymundo Casarrubias V\u00e1zquez; la diputada presidenta de la Mesa Directiva del Congreso Local, Yanelly Hern\u00e1ndez Mart\u00ednez; la fiscal general del estado, Sandra Luz Valdovinos Salmer\u00f3n; el secretario de Seguridad P\u00fablica Estatal, Evelio M\u00e9ndez G\u00f3mez; el comandante de la Novena Regi\u00f3n Militar, Ricardo Flores Gonz\u00e1lez; el administrador general para el Recinto Portuario de Acapulco, Raymundo\u00a0S\u00e1nchez\u00a0L\u00f3pez.<\/p>\n<p style=\"text-align: justify;\"><em><a href=\"https:\/\/www.facebook.com\/acapulcopress.news\" target=\"_blank\" rel=\"noopener\">) S\u00edguenos en nuestra p\u00e1gina Facebook \/ @Acapulco Press<\/a><\/em><\/p>\n","protected":false},"excerpt":{"rendered":"<p>ACAPULCO * 21 de abril de 2023. ) Gobierno de Guerrero Durante su participaci\u00f3n en la Ceremonia Conmemorativa al 109 Aniversario de la Gesta Heroica del Puerto de Veracruz del 21 de abril de 1914, la gobernadora Evelyn Salgado Pineda honr\u00f3 la memoria de quienes han dado su vida por la defensa de la Patria&#8230;<\/p>\n","protected":false},"author":2,"featured_media":1252864,"comment_status":"closed","ping_status":"closed","sticky":false,"template":"","format":"standard","meta":{"footnotes":""},"categories":[1972,1983,18561],"tags":[2931,8251,9302],"class_list":["post-1252862","post","type-post","status-publish","format-standard","has-post-thumbnail","hentry","category-special","category-guerrerogob","category-society-politics","tag-109-aniversario-de-la-gesta-heroica-del-puerto-de-veracruz","tag-evelyn-salgado-pineda","tag-gobierno-de-guerrero"],"_links":{"self":[{"href":"https:\/\/www.acapulcopress.com\/index.php\/wp-json\/wp\/v2\/posts\/1252862","targetHints":{"allow":["GET"]}}],"collection":[{"href":"https:\/\/www.acapulcopress.com\/index.php\/wp-json\/wp\/v2\/posts"}],"about":[{"href":"https:\/\/www.acapulcopress.com\/index.php\/wp-json\/wp\/v2\/types\/post"}],"author":[{"embeddable":true,"href":"https:\/\/www.acapulcopress.com\/index.php\/wp-json\/wp\/v2\/users\/2"}],"replies":[{"embeddable":true,"href":"https:\/\/www.acapulcopress.com\/index.php\/wp-json\/wp\/v2\/comments?post=1252862"}],"version-history":[{"count":0,"href":"https:\/\/www.acapulcopress.com\/index.php\/wp-json\/wp\/v2\/posts\/1252862\/revisions"}],"wp:featuredmedia":[{"embeddable":true,"href":"https:\/\/www.acapulcopress.com\/index.php\/wp-json\/"}],"wp:attachment":[{"href":"https:\/\/www.acapulcopress.com\/index.php\/wp-json\/wp\/v2\/media?parent=1252862"}],"wp:term":[{"taxonomy":"category","embeddable":true,"href":"https:\/\/www.acapulcopress.com\/index.php\/wp-json\/wp\/v2\/categories?post=1252862"},{"taxonomy":"post_tag","embeddable":true,"href":"https:\/\/www.acapulcopress.com\/index.php\/wp-json\/wp\/v2\/tags?post=1252862"}],"curies":[{"name":"wp","href":"https:\/\/api.w.org\/{rel}","templated":true}]}}