{"id":1252894,"date":"2023-04-16T18:36:04","date_gmt":"2023-04-16T23:36:04","guid":{"rendered":"https:\/\/www.acapulcopress.com\/?p=1252894"},"modified":"2023-04-16T18:36:04","modified_gmt":"2023-04-16T23:36:04","slug":"congreso-invita-a-ninos-y-adolescentes-a-taller-de-locucion","status":"publish","type":"post","link":"https:\/\/www.acapulcopress.com\/index.php\/2023\/04\/16\/congreso-invita-a-ninos-y-adolescentes-a-taller-de-locucion\/","title":{"rendered":"Congreso invita a ni\u00f1os y adolescentes a taller de locuci\u00f3n"},"content":{"rendered":"<p style=\"text-align: justify;\">CHILPANCINGO * 16 de abril de 2023.<br \/>\n<em>) Congreso de Guerrero<\/em><br \/>\nEl Congreso del Estado, a trav\u00e9s de la Comisi\u00f3n legislativa de los Derechos de las Ni\u00f1as, Ni\u00f1os y Adolescentes y de la Direcci\u00f3n de Comunicaci\u00f3n, invitan a la ni\u00f1ez y juventud guerrerense a participar en el Taller de Locuci\u00f3n, a realizarse los d\u00edas 20 y 21 del presente mes.<\/p>\n<p style=\"text-align: justify;\">Esta actividad se desarrollar\u00e1 en el marco del D\u00eda de la Ni\u00f1a y del Ni\u00f1o, con el objetivo de que las ni\u00f1as, ni\u00f1os y adolescentes de 7 a 13 a\u00f1os de edad aprendan a comunicar informaci\u00f3n, mensajes, ideas, e incluso historias hacia la poblaci\u00f3n en general.<\/p>\n<p style=\"text-align: justify;\">El curso se desarrollar\u00e1 de 13 a 19 horas el jueves 20 de abril, y de 9 a 13 horas el viernes 21 en las instalaciones del Instituto de Estudios Parlamentarios Eduardo Neri de este Poder Legislativo, ubicado en calle Mois\u00e9s Reyes Parra S\/N, colonia Temixco II, en Chilpancingo de los Bravo.<\/p>\n<p style=\"text-align: justify;\">Las y los interesados pueden obtener mayor informaci\u00f3n e inscribirse a trav\u00e9s del correo electr\u00f3nico tallerdelocucioncegcdnna@gmail.com, o llamando al n\u00famero 747-471-8425, en horario de oficina.<\/p>\n<p style=\"text-align: justify;\">La Comisi\u00f3n de los Derechos de las Ni\u00f1as, Ni\u00f1os y Adolescentes de la LXIII Legislatura est\u00e1 integrada por las diputadas Beatriz Mojica Morga, Julieta Fern\u00e1ndez M\u00e1rquez, Jennyfer Garc\u00eda Lucena, Nora Yanek Vel\u00e1zquez Mart\u00ednez y Susana Paola Ju\u00e1rez G\u00f3mez, presidenta, secretaria y vocales, respectivamente<\/p>\n<p style=\"text-align: justify;\"><em>) S\u00edguenos en nuestra p\u00e1gina Facebook \/ @<a href=\"https:\/\/www.facebook.com\/acapulcopress.news\" target=\"_blank\" rel=\"noopener\">Acapulco Press<\/a><\/em><\/p>\n","protected":false},"excerpt":{"rendered":"<p>CHILPANCINGO * 16 de abril de 2023. ) Congreso de Guerrero El Congreso del Estado, a trav\u00e9s de la Comisi\u00f3n legislativa de los Derechos de las Ni\u00f1as, Ni\u00f1os y Adolescentes y de la Direcci\u00f3n de Comunicaci\u00f3n, invitan a la ni\u00f1ez y juventud guerrerense a participar en el Taller de Locuci\u00f3n, a realizarse los d\u00edas 20&#8230;<\/p>\n","protected":false},"author":2,"featured_media":1252892,"comment_status":"closed","ping_status":"closed","sticky":false,"template":"","format":"standard","meta":{"footnotes":""},"categories":[61,18561],"tags":[],"class_list":["post-1252894","post","type-post","status-publish","format-standard","has-post-thumbnail","hentry","category-legislacion","category-society-politics"],"_links":{"self":[{"href":"https:\/\/www.acapulcopress.com\/index.php\/wp-json\/wp\/v2\/posts\/1252894","targetHints":{"allow":["GET"]}}],"collection":[{"href":"https:\/\/www.acapulcopress.com\/index.php\/wp-json\/wp\/v2\/posts"}],"about":[{"href":"https:\/\/www.acapulcopress.com\/index.php\/wp-json\/wp\/v2\/types\/post"}],"author":[{"embeddable":true,"href":"https:\/\/www.acapulcopress.com\/index.php\/wp-json\/wp\/v2\/users\/2"}],"replies":[{"embeddable":true,"href":"https:\/\/www.acapulcopress.com\/index.php\/wp-json\/wp\/v2\/comments?post=1252894"}],"version-history":[{"count":0,"href":"https:\/\/www.acapulcopress.com\/index.php\/wp-json\/wp\/v2\/posts\/1252894\/revisions"}],"wp:featuredmedia":[{"embeddable":true,"href":"https:\/\/www.acapulcopress.com\/index.php\/wp-json\/"}],"wp:attachment":[{"href":"https:\/\/www.acapulcopress.com\/index.php\/wp-json\/wp\/v2\/media?parent=1252894"}],"wp:term":[{"taxonomy":"category","embeddable":true,"href":"https:\/\/www.acapulcopress.com\/index.php\/wp-json\/wp\/v2\/categories?post=1252894"},{"taxonomy":"post_tag","embeddable":true,"href":"https:\/\/www.acapulcopress.com\/index.php\/wp-json\/wp\/v2\/tags?post=1252894"}],"curies":[{"name":"wp","href":"https:\/\/api.w.org\/{rel}","templated":true}]}}