{"id":1252922,"date":"2023-04-24T19:49:03","date_gmt":"2023-04-25T00:49:03","guid":{"rendered":"https:\/\/www.acapulcopress.com\/?p=1252922"},"modified":"2023-04-24T19:49:03","modified_gmt":"2023-04-25T00:49:03","slug":"amlo-confinado-en-palacio-pero-recuperandose-adan-lopez","status":"publish","type":"post","link":"https:\/\/www.acapulcopress.com\/index.php\/2023\/04\/24\/amlo-confinado-en-palacio-pero-recuperandose-adan-lopez\/","title":{"rendered":"AMLO: Confinado en Palacio pero recuper\u00e1ndose | Ad\u00e1n L\u00f3pez"},"content":{"rendered":"<p style=\"text-align: justify;\">CIUDAD DE M\u00c9XICO * 24 de abril de 2023.<br \/>\n<em>) <a href=\"https:\/\/www.eleconomista.com.mx\/politica\/AMLO-esta-aislado-en-tratamiento-por-Covid-19-y-fuera-de-peligro-Adan-Augusto-Lopez-20230424-0032.html\" target=\"_blank\" rel=\"noopener\">El Economista<\/a><br \/>\n<\/em>El secretario de Gobernaci\u00f3n, <a href=\"https:\/\/www.facebook.com\/AdanAugustoLopezHdz\" target=\"_blank\" rel=\"noopener\">Ad\u00e1n Augusto L\u00f3pez Hern\u00e1ndez<\/a>, afirm\u00f3 que el presidente <a href=\"https:\/\/www.facebook.com\/lopezobrador.org.mx\" target=\"_blank\" rel=\"noopener\">Andr\u00e9s Manuel L\u00f3pez Obrador<\/a> se encuentra recuper\u00e1ndose y aislado en Palacio Nacional, luego de que ayer se diera a conocer que \u2013 nuevamente \u2013 dio positivo a Covid-19.<\/p>\n<p style=\"text-align: justify;\">\u201cEl s\u00e1bado en la noche, domingo en la ma\u00f1ana, ten\u00eda (AMLO) s\u00edntomas de un resfriado; como se hace cotidianamente, se procedi\u00f3 a practicarle pruebas de Covid y de influenza, y hacia las cuatro de la tarde, el resultado arroj\u00f3 positividad a Covid-19\u201d, afirm\u00f3 el secretario.<\/p>\n<p style=\"text-align: justify;\">Sin embargo, se\u00f1al\u00f3 que al mandatario no se le traslad\u00f3 de emergencia, y tampoco tuvo un desmayo, como se indic\u00f3 en distintos medios yucatecos.<\/p>\n<p style=\"text-align: justify;\">Sobre el parte m\u00e9dico, el titular de la Segob, coment\u00f3 que las autoridades estar\u00e1n informando permanentemente y ma\u00f1ana, durante la conferencia matutina, presentar\u00e1n un reporte actualizado del estado de salud de L\u00f3pez Obrador.<\/p>\n<p style=\"text-align: justify;\">L\u00f3pez Hern\u00e1ndez coment\u00f3 que habl\u00f3 con el jefe del Ejecutivo y lo not\u00f3 \u201cmormado\u201d y \u201cconstipado\u201d y que el deber de los m\u00e9dicos fue descartar padecimientos, por lo que se le realiz\u00f3 la prueba de influenza y Covid.<\/p>\n<p style=\"text-align: justify;\">Por otro lado, se\u00f1al\u00f3 que es p\u00fablico que el esquema de vacunaci\u00f3n de L\u00f3pez Obrador es completo. Record\u00f3 que la \u00faltima vacuna que recibi\u00f3 fue en Palacio Nacional.<\/p>\n<p style=\"text-align: justify;\"><strong>Trato institucional con la SCJN<\/strong><\/p>\n<p>El secretario de Gobernaci\u00f3n tambi\u00e9n dio a conocer que la relaci\u00f3n entre el Ejecutivo y la Suprema Corte de Justicia de la Naci\u00f3n s\u00f3lo ser\u00e1 institucional.<\/p>\n<p style=\"text-align: justify;\">\u201cTiene que haber, como debe existir con los tres poderes de la uni\u00f3n, una relaci\u00f3n de car\u00e1cter institucional\u201d, dijo L\u00f3pez Hern\u00e1ndez.<\/p>\n<p style=\"text-align: justify;\">Inform\u00f3 que, debido a que existir\u00e1 una marcha hacia las instalaciones de la Suprema Corte, la ministra presidenta Norma Luc\u00eda Pi\u00f1a le solicit\u00f3 \u2013 mediante un oficio \u2013 a Rosa Icela Rodr\u00edguez, titular de la Secretar\u00eda de Seguridad y Protecci\u00f3n Ciudadana, que se le proporcionar\u00e1 apoyo, con elementos de la Guardia Nacional, para salvaguardar las instalaciones.<\/p>\n<p style=\"text-align: justify;\">Ad\u00e1n Augusto L\u00f3pez indic\u00f3 que se le dio un tratamiento institucional a la petici\u00f3n de la SCJN y afirm\u00f3 que as\u00ed ser\u00e1 la relaci\u00f3n con el m\u00e1ximo Tribunal Constitucional del pa\u00eds.<\/p>\n<p style=\"text-align: justify;\"><em>) S\u00edguenos en nuestra p\u00e1gina Facebook \/ @<a href=\"https:\/\/www.facebook.com\/acapulcopress.news\" target=\"_blank\" rel=\"noopener\">Acapulco Press<\/a><\/em><\/p>\n","protected":false},"excerpt":{"rendered":"<p>CIUDAD DE M\u00c9XICO * 24 de abril de 2023. ) El Economista El secretario de Gobernaci\u00f3n, Ad\u00e1n Augusto L\u00f3pez Hern\u00e1ndez, afirm\u00f3 que el presidente Andr\u00e9s Manuel L\u00f3pez Obrador se encuentra recuper\u00e1ndose y aislado en Palacio Nacional, luego de que ayer se diera a conocer que \u2013 nuevamente \u2013 dio positivo a Covid-19. \u201cEl s\u00e1bado en&#8230;<\/p>\n","protected":false},"author":2,"featured_media":1252923,"comment_status":"closed","ping_status":"closed","sticky":false,"template":"","format":"standard","meta":{"footnotes":""},"categories":[1969,1972,1989],"tags":[3247,3793,3799,6695,16197,16326],"class_list":["post-1252922","post","type-post","status-publish","format-standard","has-post-thumbnail","hentry","category-trending","category-special","category-noticias-generales","tag-adan-augusto-lopez-hernandez","tag-amlo","tag-amlo-covid19","tag-covi19","tag-secretaria-de-gobernacion-segob","tag-secretario-de-gobernacion"],"_links":{"self":[{"href":"https:\/\/www.acapulcopress.com\/index.php\/wp-json\/wp\/v2\/posts\/1252922","targetHints":{"allow":["GET"]}}],"collection":[{"href":"https:\/\/www.acapulcopress.com\/index.php\/wp-json\/wp\/v2\/posts"}],"about":[{"href":"https:\/\/www.acapulcopress.com\/index.php\/wp-json\/wp\/v2\/types\/post"}],"author":[{"embeddable":true,"href":"https:\/\/www.acapulcopress.com\/index.php\/wp-json\/wp\/v2\/users\/2"}],"replies":[{"embeddable":true,"href":"https:\/\/www.acapulcopress.com\/index.php\/wp-json\/wp\/v2\/comments?post=1252922"}],"version-history":[{"count":0,"href":"https:\/\/www.acapulcopress.com\/index.php\/wp-json\/wp\/v2\/posts\/1252922\/revisions"}],"wp:featuredmedia":[{"embeddable":true,"href":"https:\/\/www.acapulcopress.com\/index.php\/wp-json\/"}],"wp:attachment":[{"href":"https:\/\/www.acapulcopress.com\/index.php\/wp-json\/wp\/v2\/media?parent=1252922"}],"wp:term":[{"taxonomy":"category","embeddable":true,"href":"https:\/\/www.acapulcopress.com\/index.php\/wp-json\/wp\/v2\/categories?post=1252922"},{"taxonomy":"post_tag","embeddable":true,"href":"https:\/\/www.acapulcopress.com\/index.php\/wp-json\/wp\/v2\/tags?post=1252922"}],"curies":[{"name":"wp","href":"https:\/\/api.w.org\/{rel}","templated":true}]}}