{"id":1252927,"date":"2023-04-24T20:28:16","date_gmt":"2023-04-25T01:28:16","guid":{"rendered":"https:\/\/www.acapulcopress.com\/?p=1252927"},"modified":"2023-04-24T20:28:16","modified_gmt":"2023-04-25T01:28:16","slug":"proponen-lenguaje-incluyente-perspectiva-de-genero-y-respeto-al-menor-en-ley-de-migrantes","status":"publish","type":"post","link":"https:\/\/www.acapulcopress.com\/index.php\/2023\/04\/24\/proponen-lenguaje-incluyente-perspectiva-de-genero-y-respeto-al-menor-en-ley-de-migrantes\/","title":{"rendered":"Proponen lenguaje incluyente, perspectiva de g\u00e9nero y respeto al menor en Ley de Migrantes"},"content":{"rendered":"<p style=\"text-align: justify;\">CHILPANCINGO * 24 de abril de 2023.<br \/>\n<em>) Congreso de Guerrero<\/em><br \/>\nEl diputado <a href=\"https:\/\/www.facebook.com\/osbaldoriosmanrique\" target=\"_blank\" rel=\"noopener\">Osbaldo R\u00edos Manrique<\/a> present\u00f3 una iniciativa de reforma y adici\u00f3n a la Ley de Atenci\u00f3n a los Migrantes del Estado para anexar en este ordenamiento un lenguaje incluyente, la perspectiva de g\u00e9nero, el respeto al inter\u00e9s superior del menor, y permitir la colaboraci\u00f3n interinstitucional e internacional que formalice la provisi\u00f3n de donativos en favor de este sector.<\/p>\n<p style=\"text-align: justify;\">El legislador del Grupo Parlamentario de Morena apunt\u00f3 que, de acuerdo con lo expuesto en la presentaci\u00f3n del proyecto \u201cIndicadores de Gobernanza de la Migraci\u00f3n a Nivel Local\u201d, realizado el 27 de enero de este a\u00f1o en el puerto de Acapulco, el estado de Guerrero se caracteriza por ser flujo migratorio de origen, tr\u00e1nsito, destino y retorno.<\/p>\n<p style=\"text-align: justify;\">Adem\u00e1s, a nivel nacional esta entidad ocupa el lugar vig\u00e9simo con relaci\u00f3n al n\u00famero de personas nacidas en el extranjero; y en 2020 se contabilizaron 17 mil 355 repatriaciones a Guerrero desde los Estados Unidos, 16.8% mujeres y 83.2% hombres.<\/p>\n<p style=\"text-align: justify;\">Expuso tambi\u00e9n que Guerrero ocupa el onceavo lugar de las 32 entidades federativas en cuanto a poblaci\u00f3n migrante de retorno.<\/p>\n<p style=\"text-align: justify;\">R\u00edos Manrique manifest\u00f3 que la presente propuesta contribuir\u00e1 a que se tenga una Ley de Atenci\u00f3n a Migrantes del Estado de Guerrero que garantice el pleno goce de los derechos humanos de los migrantes.<\/p>\n<p style=\"text-align: justify;\">A\u00f1adi\u00f3 que se debe considerar de suma importancia la propuesta de modificaci\u00f3n a dichos ordenamientos jur\u00eddicos, a<\/p>\n<p style=\"text-align: justify;\">fin de dar cumplimiento a lo establecido en los objetivos de la Agenda 2030, creando normas que sirvan de base para construir proyectos y\/o programas encaminados al respeto de los derechos de estas personas.<\/p>\n<p style=\"text-align: justify;\">Esta iniciativa con proyecto de decreto se analiza en la Comisi\u00f3n de Atenci\u00f3n a Migrantes, para su respectivo dictamen.<\/p>\n<p style=\"text-align: justify;\"><em>) S\u00edguenos en nuestra p\u00e1gina Facebook \/ @<a href=\"https:\/\/www.facebook.com\/acapulcopress.news\" target=\"_blank\" rel=\"noopener\">Acapulco Press<\/a><\/em><\/p>\n","protected":false},"excerpt":{"rendered":"<p>CHILPANCINGO * 24 de abril de 2023. ) Congreso de Guerrero El diputado Osbaldo R\u00edos Manrique present\u00f3 una iniciativa de reforma y adici\u00f3n a la Ley de Atenci\u00f3n a los Migrantes del Estado para anexar en este ordenamiento un lenguaje incluyente, la perspectiva de g\u00e9nero, el respeto al inter\u00e9s superior del menor, y permitir la&#8230;<\/p>\n","protected":false},"author":2,"featured_media":1252929,"comment_status":"closed","ping_status":"closed","sticky":false,"template":"","format":"standard","meta":{"footnotes":""},"categories":[61,18561],"tags":[6370,11821,14063],"class_list":["post-1252927","post","type-post","status-publish","format-standard","has-post-thumbnail","hentry","category-legislacion","category-society-politics","tag-congreso-de-guerrero","tag-ley-de-atencion-a-los-migrantes-del-estado-de-guerrero","tag-osbaldo-rios-manrique"],"_links":{"self":[{"href":"https:\/\/www.acapulcopress.com\/index.php\/wp-json\/wp\/v2\/posts\/1252927","targetHints":{"allow":["GET"]}}],"collection":[{"href":"https:\/\/www.acapulcopress.com\/index.php\/wp-json\/wp\/v2\/posts"}],"about":[{"href":"https:\/\/www.acapulcopress.com\/index.php\/wp-json\/wp\/v2\/types\/post"}],"author":[{"embeddable":true,"href":"https:\/\/www.acapulcopress.com\/index.php\/wp-json\/wp\/v2\/users\/2"}],"replies":[{"embeddable":true,"href":"https:\/\/www.acapulcopress.com\/index.php\/wp-json\/wp\/v2\/comments?post=1252927"}],"version-history":[{"count":0,"href":"https:\/\/www.acapulcopress.com\/index.php\/wp-json\/wp\/v2\/posts\/1252927\/revisions"}],"wp:featuredmedia":[{"embeddable":true,"href":"https:\/\/www.acapulcopress.com\/index.php\/wp-json\/"}],"wp:attachment":[{"href":"https:\/\/www.acapulcopress.com\/index.php\/wp-json\/wp\/v2\/media?parent=1252927"}],"wp:term":[{"taxonomy":"category","embeddable":true,"href":"https:\/\/www.acapulcopress.com\/index.php\/wp-json\/wp\/v2\/categories?post=1252927"},{"taxonomy":"post_tag","embeddable":true,"href":"https:\/\/www.acapulcopress.com\/index.php\/wp-json\/wp\/v2\/tags?post=1252927"}],"curies":[{"name":"wp","href":"https:\/\/api.w.org\/{rel}","templated":true}]}}