{"id":1252933,"date":"2023-04-24T11:58:58","date_gmt":"2023-04-24T16:58:58","guid":{"rendered":"https:\/\/www.acapulcopress.com\/?p=1252933"},"modified":"2023-04-24T11:58:58","modified_gmt":"2023-04-24T16:58:58","slug":"emite-seg-requisitos-para-nuevas-recategorizaciones-a-docentes-de-guerrero","status":"publish","type":"post","link":"https:\/\/www.acapulcopress.com\/index.php\/2023\/04\/24\/emite-seg-requisitos-para-nuevas-recategorizaciones-a-docentes-de-guerrero\/","title":{"rendered":"Emite SEG requisitos para nuevas recategorizaciones a docentes de Guerrero"},"content":{"rendered":"<p style=\"text-align: justify;\">CHILPANCINGO * 24 de abril de 2023.<br \/>\n<em>) SEG<\/em><br \/>\nPor gestiones de la gobernadora <a href=\"https:\/\/www.facebook.com\/EvelynSalgadoP\" target=\"_blank\" rel=\"noopener\">Evelyn Salgado Pineda<\/a> ante la <a href=\"https:\/\/www.facebook.com\/SEPmx\" target=\"_blank\" rel=\"noopener\">Secretar\u00eda de Educaci\u00f3n P\u00fablica<\/a> (SEP), hoy se public\u00f3 una convocatoria para otorgar recategorizaciones a docentes de Claves Bajas, que han percibido bajos salarios, inform\u00f3 el secretario de <a href=\"https:\/\/www.facebook.com\/EducacionGuerrero\" target=\"_blank\" rel=\"noopener\">Educaci\u00f3n en Guerrero <\/a>(SEG), Marcial Rodr\u00edguez Salda\u00f1a.<\/p>\n<p style=\"text-align: justify;\">El responsable de la educaci\u00f3n en la entidad expres\u00f3 que la gobernadora Evelyn Salgado, ha encabezado ante el gobierno federal las demandas de justicia laboral del magisterio guerrerense y que, en este caso, a principios de este a\u00f1o se otorgaron 918 recategorizaciones a estos docentes, por lo que habr\u00e1 una segunda etapa para quienes no participaron.<\/p>\n<p><strong>La circular, dice textualmente:<\/strong><\/p>\n<p><em>\u00abPor medio del presente me dirijo a ustedes para hacer de su conocimiento que El Gobierno del Estado que encabeza la Mtra . Evelyn Cecia Salgado Pineda, dando continuidad a los acuerdos con las Autoridades Federales y en estricta coordinaci\u00f3n por parte de la Secretar\u00eda de Educaci\u00f3n P\u00fablica y la Secretar\u00eda de Educaci\u00f3n Guerrero, informan la continuaci\u00f3n de la \u201cRegularizaci\u00f3n de las Claves bajas en Educaci\u00f3n Ind\u00edgena (E1477, E1487 o E1491)\u201d, misma que esta Secretar\u00eda ya inici\u00f3 con una primera etapa de 925 trabajadores beneficiados en meses recientes.<\/em><\/p>\n<p><em>\u00abSe les comunica que, para continuar con este proceso, la Secretar\u00eda de Educaci\u00f3n Guerrero har\u00e1 la recepci\u00f3n de expedientes actualizados de los docentes que ostenten dichas claves, realicen funciones docentes, directivas, de asesor\u00eda t\u00e9cnico pedag\u00f3gica o de supervisi\u00f3n en centros de trabajo de Primaria o Preescolar Ind\u00edgena, y est\u00e9n interesados en obtener las categor\u00edas de docente de los niveles arriba mencionados (E1489 o E1485), por medio de la siguiente plataforma: <a class=\"x1fey0fg xmper1u x1edh9d7\" href=\"https:\/\/apps.segro.edu.mx\/educacion_indigena\" target=\"_blank\" rel=\"noopener\">https:\/\/apps.segro.edu.mx\/educacion_indigena<\/a> durante el periodo del 24 de abril al 12 de mayo de 2023.<\/em><\/p>\n<p><em>\u00abMediante dicha plataforma se adjuntar\u00e1n los siguientes documentos escaneados en formato PDF:<\/em><\/p>\n<p><em><strong>1. Solicitud dirigida al Director de Personal<\/strong><\/em><br \/>\n<em><strong>2. Credencial del INE<\/strong><\/em><br \/>\n<em><strong>3. CURP<\/strong><\/em><br \/>\n<em><strong>4. Constancia del SAT<\/strong><\/em><br \/>\n<em><strong>5. Constancia de servicio<\/strong><\/em><br \/>\n<em><strong>6. Perfil o \u00faltimo grado de estudios<\/strong><\/em><br \/>\n<em><strong>7. Nombramiento de la plaza actual<\/strong><\/em><br \/>\n<em><strong>8. Formato \u00fanico de personal con c\u00f3digo 10<\/strong><\/em><br \/>\n<em><strong>9. Constancia de biling\u00fcismo<\/strong><\/em><\/p>\n<p><em>\u00abDichos expedientes se revisar\u00e1n en conjunto con las autoridades federales, informando por medio de la misma plataforma los casos considerados procedentes, rechazados o pendientes para realizar la conversi\u00f3n de dicha plaza a la categor\u00eda correspondiente. Esta revisi\u00f3n ser\u00e1 desde la recepci\u00f3n de documentos hasta el d\u00eda 19 de mayo de 2023, estableci\u00e9ndose comunicaci\u00f3n con los interesados para la correcci\u00f3n o aclaraci\u00f3n de datos o documentos por medio de datos de contacto que se solicitar\u00e1n al momento del registro.<br \/>\n<\/em><br \/>\n<em>\u00abSe hace del conocimiento que, una vez revisados los expedientes, se realizar\u00e1n los tr\u00e1mites de un folio de conversi\u00f3n de plazas ante la SEP y SHCP, y hasta que sea aprobado se realizar\u00e1 la emisi\u00f3n y entrega de los nombramientos respectivos, cuyas fechas se informar\u00e1n en la p\u00e1gina de esta Secretar\u00eda\u00bb.<\/em><\/p>\n<p><img loading=\"lazy\" decoding=\"async\" class=\"alignnone wp-image-1252934 size-large\" src=\"https:\/\/www.acapulcopress.com\/wp-content\/uploads\/2023\/04\/CIRCULAR-SEG-1-840x1055.jpg\" alt=\"\" width=\"696\" height=\"874\" \/><br \/>\n<img loading=\"lazy\" decoding=\"async\" class=\"alignnone wp-image-1252935 size-large\" src=\"https:\/\/www.acapulcopress.com\/wp-content\/uploads\/2023\/04\/CIRCULAR-SEG-2-840x1055.jpg\" alt=\"\" width=\"696\" height=\"874\" \/><\/p>\n<p style=\"text-align: justify;\"><a href=\"https:\/\/www.facebook.com\/acapulcopress.news\" target=\"_blank\" rel=\"noopener\">) S\u00edguenos en nuestra p\u00e1gina Facebook \/ @Acapulco Press<\/a><\/p>\n","protected":false},"excerpt":{"rendered":"<p>CHILPANCINGO * 24 de abril de 2023. ) SEG Por gestiones de la gobernadora Evelyn Salgado Pineda ante la Secretar\u00eda de Educaci\u00f3n P\u00fablica (SEP), hoy se public\u00f3 una convocatoria para otorgar recategorizaciones a docentes de Claves Bajas, que han percibido bajos salarios, inform\u00f3 el secretario de Educaci\u00f3n en Guerrero (SEG), Marcial Rodr\u00edguez Salda\u00f1a. El responsable&#8230;<\/p>\n","protected":false},"author":2,"featured_media":1252936,"comment_status":"closed","ping_status":"closed","sticky":false,"template":"","format":"standard","meta":{"footnotes":""},"categories":[18561,2081],"tags":[8251,12457,16362,16485],"class_list":["post-1252933","post","type-post","status-publish","format-standard","has-post-thumbnail","hentry","category-society-politics","category-seg","tag-evelyn-salgado-pineda","tag-marcial-rodriguez-saldana","tag-seg","tag-sep"],"_links":{"self":[{"href":"https:\/\/www.acapulcopress.com\/index.php\/wp-json\/wp\/v2\/posts\/1252933","targetHints":{"allow":["GET"]}}],"collection":[{"href":"https:\/\/www.acapulcopress.com\/index.php\/wp-json\/wp\/v2\/posts"}],"about":[{"href":"https:\/\/www.acapulcopress.com\/index.php\/wp-json\/wp\/v2\/types\/post"}],"author":[{"embeddable":true,"href":"https:\/\/www.acapulcopress.com\/index.php\/wp-json\/wp\/v2\/users\/2"}],"replies":[{"embeddable":true,"href":"https:\/\/www.acapulcopress.com\/index.php\/wp-json\/wp\/v2\/comments?post=1252933"}],"version-history":[{"count":0,"href":"https:\/\/www.acapulcopress.com\/index.php\/wp-json\/wp\/v2\/posts\/1252933\/revisions"}],"wp:featuredmedia":[{"embeddable":true,"href":"https:\/\/www.acapulcopress.com\/index.php\/wp-json\/"}],"wp:attachment":[{"href":"https:\/\/www.acapulcopress.com\/index.php\/wp-json\/wp\/v2\/media?parent=1252933"}],"wp:term":[{"taxonomy":"category","embeddable":true,"href":"https:\/\/www.acapulcopress.com\/index.php\/wp-json\/wp\/v2\/categories?post=1252933"},{"taxonomy":"post_tag","embeddable":true,"href":"https:\/\/www.acapulcopress.com\/index.php\/wp-json\/wp\/v2\/tags?post=1252933"}],"curies":[{"name":"wp","href":"https:\/\/api.w.org\/{rel}","templated":true}]}}