{"id":1252972,"date":"2023-04-25T00:46:22","date_gmt":"2023-04-25T05:46:22","guid":{"rendered":"https:\/\/www.acapulcopress.com\/?p=1252972"},"modified":"2023-04-25T00:46:22","modified_gmt":"2023-04-25T05:46:22","slug":"56-9-duda-la-version-oficial-de-que-amlo-tiene-covid","status":"publish","type":"post","link":"https:\/\/www.acapulcopress.com\/index.php\/2023\/04\/25\/56-9-duda-la-version-oficial-de-que-amlo-tiene-covid\/","title":{"rendered":"56.9% duda versi\u00f3n oficial del Covid de AMLO"},"content":{"rendered":"<p style=\"text-align: justify;\">\u00bb <strong>\u00c1ngel<\/strong> |<strong> Blanco<\/strong><br \/>\nCIUDAD DE M\u00c9XICO * 24 de abril de 2023.<br \/>\n<em>) <span class=\"xv78j7m\" spellcheck=\"false\">Acapulco Press<\/span><\/em><br \/>\nDe acuerdo a <a href=\"https:\/\/www.facebook.com\/MassiveCaller\" target=\"_blank\" rel=\"noopener\"><span class=\"xv78j7m\" spellcheck=\"false\">Massive Caller<\/span><\/a>, una de las firmas de sondeos de opini\u00f3n m\u00e1s confiables del pa\u00eds, el 56.9 por ciento de mexicanos consultados no creen que el presidente <a href=\"https:\/\/www.facebook.com\/lopezobrador.org.mx\" target=\"_blank\" rel=\"noopener\"><span class=\"xv78j7m\" spellcheck=\"false\">Andr\u00e9s Manuel L\u00f3pez Obrador<\/span><\/a> haya enfermado de Covid19; m\u00e1s buen, 55.1 por ciento cree que el tercer contagio de AMLO se trata, en realidad, de \u00abun plan para desviar la atenci\u00f3n de los <img loading=\"lazy\" decoding=\"async\" class=\"alignleft size-medium wp-image-1252979\" src=\"https:\/\/www.acapulcopress.com\/wp-content\/uploads\/2023\/04\/amlotwit-375x155.jpeg\" alt=\"\" width=\"375\" height=\"155\" \/>verdaderos problemas\u00bb del pa\u00eds.<\/p>\n<p style=\"text-align: justify;\">Publicada a las 22:43 horas de este d\u00eda, la encuesta sobre la \u00abemergencia m\u00e9dica\u00bb del presidente, la tarde de este domingo 23 de abril en M\u00e9rida, Yucat\u00e1n, se\u00f1ala que aunque el 57 por ciento de sus seguidores conf\u00eda en el &#8216;tuit&#8217; publicado por L\u00f3pez Obrador s\u00f3lo 38 por ciento cree que AMLO est\u00e9 enfermo, mientras que, debido al hermetismo que existe sobre la salud de L\u00f3pez Obrador, solo el 6.3 por ciento cree que \u00abfalleci\u00f3\u00bb.<\/p>\n<p style=\"text-align: justify;\">Lo cierto es que, en general, el 55.1 por ciento de los mexicanos consultados cree que el anuncio de contagio por Covid 19 no es m\u00e1s que \u00abun plan para desviar la atenci\u00f3n de los verdaderos problemas\u00bb, y el 56.9 por ciento de plano no cree en la versi\u00f3n oficial de que el presidente tiene Covid\u00bb.<\/p>\n<p style=\"text-align: justify;\"><img loading=\"lazy\" decoding=\"async\" class=\"alignnone wp-image-1252973 size-large\" src=\"https:\/\/www.acapulcopress.com\/wp-content\/uploads\/2023\/04\/amlo-emergencia-840x473.jpg\" alt=\"\" width=\"696\" height=\"392\" \/><br \/>\n<img loading=\"lazy\" decoding=\"async\" class=\"alignnone wp-image-1252974 size-large\" src=\"https:\/\/www.acapulcopress.com\/wp-content\/uploads\/2023\/04\/amlo-840x473.jpg\" alt=\"\" width=\"696\" height=\"392\" \/><br \/>\n<img loading=\"lazy\" decoding=\"async\" class=\"alignnone wp-image-1252975 size-large\" src=\"https:\/\/www.acapulcopress.com\/wp-content\/uploads\/2023\/04\/amlo2-840x473.jpg\" alt=\"\" width=\"696\" height=\"392\" \/><br \/>\n<img loading=\"lazy\" decoding=\"async\" class=\"alignnone wp-image-1252976 size-large\" src=\"https:\/\/www.acapulcopress.com\/wp-content\/uploads\/2023\/04\/amlo3-840x473.jpg\" alt=\"\" width=\"696\" height=\"392\" \/><\/p>\n<p style=\"text-align: justify;\"><em>) S\u00edguenos en nuestra p\u00e1gina Facebook \/ @<a href=\"https:\/\/www.facebook.com\/acapulcopress.news\" target=\"_blank\" rel=\"noopener\">Acapulco Press<\/a><\/em><\/p>\n","protected":false},"excerpt":{"rendered":"<p>\u00bb \u00c1ngel | Blanco CIUDAD DE M\u00c9XICO * 24 de abril de 2023. ) Acapulco Press De acuerdo a Massive Caller, una de las firmas de sondeos de opini\u00f3n m\u00e1s confiables del pa\u00eds, el 56.9 por ciento de mexicanos consultados no creen que el presidente Andr\u00e9s Manuel L\u00f3pez Obrador haya enfermado de Covid19; m\u00e1s buen,&#8230;<\/p>\n","protected":false},"author":2,"featured_media":1252974,"comment_status":"closed","ping_status":"closed","sticky":false,"template":"","format":"standard","meta":{"footnotes":""},"categories":[1997],"tags":[3799,7881],"class_list":["post-1252972","post","type-post","status-publish","format-standard","has-post-thumbnail","hentry","category-noticias-destacadas","tag-amlo-covid19","tag-emergencia-medica-amlo"],"_links":{"self":[{"href":"https:\/\/www.acapulcopress.com\/index.php\/wp-json\/wp\/v2\/posts\/1252972","targetHints":{"allow":["GET"]}}],"collection":[{"href":"https:\/\/www.acapulcopress.com\/index.php\/wp-json\/wp\/v2\/posts"}],"about":[{"href":"https:\/\/www.acapulcopress.com\/index.php\/wp-json\/wp\/v2\/types\/post"}],"author":[{"embeddable":true,"href":"https:\/\/www.acapulcopress.com\/index.php\/wp-json\/wp\/v2\/users\/2"}],"replies":[{"embeddable":true,"href":"https:\/\/www.acapulcopress.com\/index.php\/wp-json\/wp\/v2\/comments?post=1252972"}],"version-history":[{"count":0,"href":"https:\/\/www.acapulcopress.com\/index.php\/wp-json\/wp\/v2\/posts\/1252972\/revisions"}],"wp:featuredmedia":[{"embeddable":true,"href":"https:\/\/www.acapulcopress.com\/index.php\/wp-json\/"}],"wp:attachment":[{"href":"https:\/\/www.acapulcopress.com\/index.php\/wp-json\/wp\/v2\/media?parent=1252972"}],"wp:term":[{"taxonomy":"category","embeddable":true,"href":"https:\/\/www.acapulcopress.com\/index.php\/wp-json\/wp\/v2\/categories?post=1252972"},{"taxonomy":"post_tag","embeddable":true,"href":"https:\/\/www.acapulcopress.com\/index.php\/wp-json\/wp\/v2\/tags?post=1252972"}],"curies":[{"name":"wp","href":"https:\/\/api.w.org\/{rel}","templated":true}]}}