{"id":1252983,"date":"2023-04-25T19:32:04","date_gmt":"2023-04-26T00:32:04","guid":{"rendered":"https:\/\/www.acapulcopress.com\/?p=1252983"},"modified":"2023-04-25T19:32:04","modified_gmt":"2023-04-26T00:32:04","slug":"entrego-seg-191-plazas-de-promocion-a-maestros-de-educacion-basica","status":"publish","type":"post","link":"https:\/\/www.acapulcopress.com\/index.php\/2023\/04\/25\/entrego-seg-191-plazas-de-promocion-a-maestros-de-educacion-basica\/","title":{"rendered":"Entreg\u00f3 SEG 191 plazas de promoci\u00f3n a maestros de educaci\u00f3n b\u00e1sica"},"content":{"rendered":"<p style=\"text-align: justify;\">CHILPANCINGO * 25 de abril de 2023.<br \/>\n<em>) Gobierno de Guerrero<\/em><br \/>\nEl secretario de Educaci\u00f3n en Guerrero, <a href=\"https:\/\/www.facebook.com\/MarcialRodriguezS\" target=\"_blank\" rel=\"noopener\">Marcial Rodr\u00edguez Salda\u00f1a<\/a>, asign\u00f3 191 plazas de promoci\u00f3n a horas adicionales en Educaci\u00f3n B\u00e1sica, correspondientes a los ciclos escolares <img loading=\"lazy\" decoding=\"async\" class=\"alignleft size-medium wp-image-1252984\" src=\"https:\/\/www.acapulcopress.com\/wp-content\/uploads\/2023\/04\/marcial.seg_-375x283.jpg\" alt=\"\" width=\"375\" height=\"283\" \/>2021-2022 y 2022-2023.<\/p>\n<p style=\"text-align: justify;\">Los beneficiarios fueron 155 docentes de preescolar, primaria y secundaria, los cuales fueron atendidos en el proceso de reasignaci\u00f3n de plazas vacantes definitiva generada por defunci\u00f3n o jubilaci\u00f3n.<\/p>\n<p style=\"text-align: justify;\">El titular de la SEG enfatiz\u00f3 que la entrega de las horas adicionales y plazas de promoci\u00f3n se realiz\u00f3 de acuerdo a la lista de resultados que asign\u00f3 la federaci\u00f3n de acuerdo a la Ley General del Sistema para la Carrera de Maestros y Maestras.<\/p>\n<p style=\"text-align: justify;\">Para el ciclo 2022-2023 se entregaron 226 horas para la asignatura de matem\u00e1ticas, 188 para espa\u00f1ol, 138 para ingl\u00e9s, 97 fueron para historia, 75 para educaci\u00f3n art\u00edstica; educaci\u00f3n tecnol\u00f3gica 61; formaci\u00f3n c\u00edvica y \u00e9tica 59; educaci\u00f3n f\u00edsica 53; biolog\u00eda 36; f\u00edsica 30; geograf\u00eda 23 y qu\u00edmica 5.<\/p>\n<p style=\"text-align: justify;\">El titular expres\u00f3 su reconocimiento a los maestros beneficiados por su labor docente y por haber obtenido una promoci\u00f3n por su \u00abesfuerzo y no por dedazo como anteriormente se hac\u00eda\u00bb.<\/p>\n<p style=\"text-align: justify;\">Por otra parte, aprovech\u00f3 el evento para anunciar que a partir de hoy se distribuir\u00e1n en todas las regiones del estado \u00abLa cartilla moral\u00bb, as\u00ed como la gu\u00eda impresa sobre la estrategia en el aula: Prevenci\u00f3n de Adicciones \u00abSi te drogas, te da\u00f1as\u00bb.<\/p>\n<p style=\"text-align: justify;\">Reiter\u00f3 que en el sector educativo no hay tolerancia al acoso sexual, por lo que los inst\u00f3 a denunciar y prevenir este tipo de actos.<\/p>\n<p style=\"text-align: justify;\">La entrega se realiz\u00f3 de forma simb\u00f3lica en el auditorio del CREA con la presencia del subsecretario de Educaci\u00f3n B\u00e1sica, Ricardo Castillo Pe\u00f1a; la secretaria t\u00e9cnica, Luisa Ayala Mondrag\u00f3n; el represente de la secci\u00f3n 14 del SNTE, Jes\u00fas Dircio Robledo; el director de Personal, Julio Alejandro Lucas Secundino, y la titular de la UESICAMM, Lucila\u00a0Rangel\u00a0Santos.<\/p>\n<p style=\"text-align: justify;\"><em>) S\u00edguenos en nuestra p\u00e1gina Facebook \/ @<a href=\"https:\/\/www.facebook.com\/acapulcopress.news\" target=\"_blank\" rel=\"noopener\">Acapulco Press<\/a><\/em><\/p>\n","protected":false},"excerpt":{"rendered":"<p>CHILPANCINGO * 25 de abril de 2023. ) Gobierno de Guerrero El secretario de Educaci\u00f3n en Guerrero, Marcial Rodr\u00edguez Salda\u00f1a, asign\u00f3 191 plazas de promoci\u00f3n a horas adicionales en Educaci\u00f3n B\u00e1sica, correspondientes a los ciclos escolares 2021-2022 y 2022-2023. Los beneficiarios fueron 155 docentes de preescolar, primaria y secundaria, los cuales fueron atendidos en el&#8230;<\/p>\n","protected":false},"author":2,"featured_media":1252985,"comment_status":"closed","ping_status":"closed","sticky":false,"template":"","format":"standard","meta":{"footnotes":""},"categories":[1972,18561,2081],"tags":[12457,16169],"class_list":["post-1252983","post","type-post","status-publish","format-standard","has-post-thumbnail","hentry","category-special","category-society-politics","category-seg","tag-marcial-rodriguez-saldana","tag-secretaria-de-educacion-guerrero-seg"],"_links":{"self":[{"href":"https:\/\/www.acapulcopress.com\/index.php\/wp-json\/wp\/v2\/posts\/1252983","targetHints":{"allow":["GET"]}}],"collection":[{"href":"https:\/\/www.acapulcopress.com\/index.php\/wp-json\/wp\/v2\/posts"}],"about":[{"href":"https:\/\/www.acapulcopress.com\/index.php\/wp-json\/wp\/v2\/types\/post"}],"author":[{"embeddable":true,"href":"https:\/\/www.acapulcopress.com\/index.php\/wp-json\/wp\/v2\/users\/2"}],"replies":[{"embeddable":true,"href":"https:\/\/www.acapulcopress.com\/index.php\/wp-json\/wp\/v2\/comments?post=1252983"}],"version-history":[{"count":0,"href":"https:\/\/www.acapulcopress.com\/index.php\/wp-json\/wp\/v2\/posts\/1252983\/revisions"}],"wp:featuredmedia":[{"embeddable":true,"href":"https:\/\/www.acapulcopress.com\/index.php\/wp-json\/"}],"wp:attachment":[{"href":"https:\/\/www.acapulcopress.com\/index.php\/wp-json\/wp\/v2\/media?parent=1252983"}],"wp:term":[{"taxonomy":"category","embeddable":true,"href":"https:\/\/www.acapulcopress.com\/index.php\/wp-json\/wp\/v2\/categories?post=1252983"},{"taxonomy":"post_tag","embeddable":true,"href":"https:\/\/www.acapulcopress.com\/index.php\/wp-json\/wp\/v2\/tags?post=1252983"}],"curies":[{"name":"wp","href":"https:\/\/api.w.org\/{rel}","templated":true}]}}