{"id":1252989,"date":"2023-04-25T10:19:48","date_gmt":"2023-04-25T15:19:48","guid":{"rendered":"https:\/\/www.acapulcopress.com\/?p=1252989"},"modified":"2023-04-25T10:19:48","modified_gmt":"2023-04-25T15:19:48","slug":"titular-de-la-seg-atendio-a-docentes-de-escuelas-secundarias-de-costa-grande","status":"publish","type":"post","link":"https:\/\/www.acapulcopress.com\/index.php\/2023\/04\/25\/titular-de-la-seg-atendio-a-docentes-de-escuelas-secundarias-de-costa-grande\/","title":{"rendered":"Titular de la SEG atendi\u00f3 a docentes de escuelas secundarias de Costa Grande"},"content":{"rendered":"<p style=\"text-align: justify;\">CHILPANCINGO * 25 de abril de 2023.<br \/>\n<em>) SEG<\/em><br \/>\nEl Secretario de Educaci\u00f3n en Guerrero, <a href=\"https:\/\/www.facebook.com\/MarcialRodriguezS\" target=\"_blank\" rel=\"noopener\">Marcial Rodr\u00edguez Salda\u00f1a<\/a>, sostuvo una reuni\u00f3n de trabajo con docentes de escuelas secundarias de la regi\u00f3n Costa Grande, con quienes acord\u00f3 una ruta de atenci\u00f3n a sus diversas demandas.<\/p>\n<p style=\"text-align: justify;\">Rodr\u00edguez Salda\u00f1a expres\u00f3 que las indicaciones de la gobernadora <a href=\"https:\/\/www.facebook.com\/EvelynSalgadoP\" target=\"_blank\" rel=\"noopener\">Evelyn Salgado Pineda<\/a> son las de mantener un di\u00e1logo constante y respetuoso con todo el sector educativo; que ella ha encabezado las demandas del magisterio guerrerense ante el Gobierno Federal, lo cual se har\u00e1 tambi\u00e9n en este caso.<\/p>\n<p style=\"text-align: justify;\">Estuvieron presentes el subsecretario de Planeaci\u00f3n, Benjam\u00edn Adame Pereyra; el subsecretario de Educaci\u00f3n B\u00e1sica, Ricardo Castillo Pe\u00f1a; el director general de Gobernaci\u00f3n, Francisco Rodr\u00edguez Cisneros; la secretaria T\u00e9cnica, Luisa Ayala Mondrag\u00f3n; la directora general de UESICAM, Lucila Rangel Santos; el encargado de la Direcci\u00f3n General de Personal, Julio Lucas Secundino; el director general de Asuntos Jur\u00eddicos, Roberto Cuevas Bahena, y parte de la estructura de la SEG.<\/p>\n<p><em>) S\u00edguenos en nuestra p\u00e1gina Facebook \/ @<a href=\"https:\/\/www.facebook.com\/acapulcopress.news\" target=\"_blank\" rel=\"noopener\">Acapulco Press<\/a><\/em><\/p>\n","protected":false},"excerpt":{"rendered":"<p>CHILPANCINGO * 25 de abril de 2023. ) SEG El Secretario de Educaci\u00f3n en Guerrero, Marcial Rodr\u00edguez Salda\u00f1a, sostuvo una reuni\u00f3n de trabajo con docentes de escuelas secundarias de la regi\u00f3n Costa Grande, con quienes acord\u00f3 una ruta de atenci\u00f3n a sus diversas demandas. Rodr\u00edguez Salda\u00f1a expres\u00f3 que las indicaciones de la gobernadora Evelyn Salgado&#8230;<\/p>\n","protected":false},"author":2,"featured_media":1252990,"comment_status":"closed","ping_status":"closed","sticky":false,"template":"","format":"standard","meta":{"footnotes":""},"categories":[18561,2081],"tags":[12457,16362],"class_list":["post-1252989","post","type-post","status-publish","format-standard","has-post-thumbnail","hentry","category-society-politics","category-seg","tag-marcial-rodriguez-saldana","tag-seg"],"_links":{"self":[{"href":"https:\/\/www.acapulcopress.com\/index.php\/wp-json\/wp\/v2\/posts\/1252989","targetHints":{"allow":["GET"]}}],"collection":[{"href":"https:\/\/www.acapulcopress.com\/index.php\/wp-json\/wp\/v2\/posts"}],"about":[{"href":"https:\/\/www.acapulcopress.com\/index.php\/wp-json\/wp\/v2\/types\/post"}],"author":[{"embeddable":true,"href":"https:\/\/www.acapulcopress.com\/index.php\/wp-json\/wp\/v2\/users\/2"}],"replies":[{"embeddable":true,"href":"https:\/\/www.acapulcopress.com\/index.php\/wp-json\/wp\/v2\/comments?post=1252989"}],"version-history":[{"count":0,"href":"https:\/\/www.acapulcopress.com\/index.php\/wp-json\/wp\/v2\/posts\/1252989\/revisions"}],"wp:featuredmedia":[{"embeddable":true,"href":"https:\/\/www.acapulcopress.com\/index.php\/wp-json\/"}],"wp:attachment":[{"href":"https:\/\/www.acapulcopress.com\/index.php\/wp-json\/wp\/v2\/media?parent=1252989"}],"wp:term":[{"taxonomy":"category","embeddable":true,"href":"https:\/\/www.acapulcopress.com\/index.php\/wp-json\/wp\/v2\/categories?post=1252989"},{"taxonomy":"post_tag","embeddable":true,"href":"https:\/\/www.acapulcopress.com\/index.php\/wp-json\/wp\/v2\/tags?post=1252989"}],"curies":[{"name":"wp","href":"https:\/\/api.w.org\/{rel}","templated":true}]}}