{"id":1252993,"date":"2023-04-25T21:15:43","date_gmt":"2023-04-26T02:15:43","guid":{"rendered":"https:\/\/www.acapulcopress.com\/?p=1252993"},"modified":"2023-04-25T21:15:43","modified_gmt":"2023-04-26T02:15:43","slug":"yoshio-y-jacinto-victimas-de-las-redes-sociales","status":"publish","type":"post","link":"https:\/\/www.acapulcopress.com\/index.php\/2023\/04\/25\/yoshio-y-jacinto-victimas-de-las-redes-sociales\/","title":{"rendered":"Yoshio y Jacinto, v\u00edctimas de las redes sociales"},"content":{"rendered":"<p style=\"text-align: justify;\">Marem\u00e1gnum<br \/>\n\u00bb <strong>RICARDO<\/strong> | <strong>CASTILLO BARRIENTOS<\/strong><br \/>\n<em>) Facebook: @<a href=\"https:\/\/www.facebook.com\/ricardocastill01\" target=\"_blank\" rel=\"noopener\">Ricardo Castillo Barrientos<\/a><\/em><\/p>\n<p style=\"text-align: justify;\">El auge de las redes sociales ha tra\u00eddo consigo un arsenal de infodemia consistente en la proliferaci\u00f3n de informaci\u00f3n falsa que cunde a velocidad inusitada y quienes no analizan contenidos -la inmensa mayor\u00eda- la consideran como verdad absoluta, misma que reenv\u00edan a sus contactos para ponerlos al tanto sobre algunos temas de inter\u00e9s p\u00fablico.<\/p>\n<p style=\"text-align: justify;\">Hace un par de d\u00edas circul\u00f3 profusamente una fotograf\u00eda de dos destacados j\u00f3venes pol\u00edticos guerrerenses. El presidente del Comit\u00e9 Ejecutivo Estatal de Morena, diputado <a href=\"https:\/\/www.facebook.com\/JaGo2024Va\" target=\"_blank\" rel=\"noopener\">Jacinto Gonz\u00e1lez Varona<\/a>, y el coordinador estatal del \u201cMovimiento Que Siga L\u00f3pez\u201d, <a href=\"https:\/\/www.facebook.com\/YoshioAvilaG\" target=\"_blank\" rel=\"noopener\">Yoshio \u00c1vila Gonz\u00e1lez<\/a>. De manera ruin se incorpor\u00f3 un agregado en la parte superior de la foto, el logotipo del \u201cGolden Suites Motel\u201d, donde supuestamente fueron captados por <em>paparazzis<\/em>, saliendo de ese motel de paso. Todo un fotomontaje con intereses aviesos que le atribuyeron a un periodista de la vieja guardia porte\u00f1a.<\/p>\n<p style=\"text-align: justify;\">La reuni\u00f3n de los j\u00f3venes pol\u00edticos se celebr\u00f3 el viernes 21 del actual, en el restaurante \u201cLa Mansi\u00f3n\u201d, en plena Costera Miguel Alem\u00e1n, a la vista de varios comensales y meseros que los atendieron espl\u00e9ndidamente como se acostumbra en ese lugar.<\/p>\n<p style=\"text-align: justify;\">En la gr\u00e1fica original aparecen ambos con el pulgar arriba. El texto afirma que \u201ccelebran el anuncio del Presidente L\u00f3pez Obrador: con la venta del avi\u00f3n se construir\u00e1 un hospital en una de las zonas m\u00e1s marginadas de Guerrero, en Tlapa de Comonfort, la Monta\u00f1a\u201d.<\/p>\n<p style=\"text-align: justify;\">Yoshio y Jacinto se perfilan a ocupar relevantes cargos de elecci\u00f3n popular en el inminente proceso electoral. El primero, a la alcald\u00eda de Acapulco; el l\u00edder morenista, pr\u00f3ximo candidato a diputado federal por el primer distrito de la ciudad de Chilpancingo. Les depara un futuro promisorio, como parte de la nueva generaci\u00f3n del cambio.<\/p>\n<p style=\"text-align: justify;\">En pr\u00f3xima entrega profundizaremos sobre el tema del subdesarrollo pol\u00edtico que padecemos los guerrerenses, cuya clase pol\u00edtica es \u00fanica responsable del status quo de la entidad, que mantiene los indicadores sociales y econ\u00f3micos m\u00e1s rezagados en la escala nacional.<\/p>\n<p style=\"text-align: justify;\"><strong>Marea Baja.-<\/strong> Ma\u00f1ana mi\u00e9rcoles tendr\u00e1 verificativo el Encuentro Colectivo Guerrero, auspiciado por la organizaci\u00f3n \u201cM\u00e9xicolectivo\u201d , que pugna por la participaci\u00f3n ciudadana \u201c plural y diversa\u201d y que busca recoger e intercambiar ideas y propuestas desde la sociedad civil para \u201cla construcci\u00f3n de un mejor pa\u00eds\u201d. El evento se realizar\u00e1 en el hotel Emporio, a partir de las 10:00 horas.<\/p>\n<p style=\"text-align: justify;\">Esta organizaci\u00f3n civil la integran ex candidatos presidenciales, acad\u00e9micos, exconsejeros, activistas, deportistas, entre ellos: Dante Delgado, senador de Movimiento Ciudadano, Francisco Labastida Ochoa, ex candidato presidencial, Jos\u00e9 Narro Robles, ex rector de la UNAM y exsecretario de Salud, Diego Valad\u00e9s, ex titutular de la PGR, Patricia Mercado, senadora de MC, Benito Nacif, profesor del CIDE y exconsejero del IFE, Miguel Ru\u00edz Caba\u00f1as, exsubsecretario de Relaciones Exteriores, Francisco Barn\u00e9s, exrector de la UNAM, Enrique Villa, exdirector del IPN. Y los medallistas ol\u00edmpicos Carlos Mercenario, Jes\u00fas Mena y Ra\u00fal Gonz\u00e1lez.<\/p>\n<p style=\"text-align: justify;\"><strong>Marea Alta.-<\/strong> Dos aspirantes presidenciales hicieron acto de presencia el viernes y s\u00e1bado, en la entidad. El senador Ricardo Monreal \u00c1vila, coordinador de la Junta de Coordinaci\u00f3n Pol\u00edtica del Senado, sostuvo una reuni\u00f3n de trabajo con la cooperativa de buzos y pescadores de Puerto Marqu\u00e9s, que con anterioridad hab\u00edan realizado gestiones ante la Comisi\u00f3n de Pesca de esa instituci\u00f3n camaral, para efecto de solicitar el t\u00e9rmino de vedas de moluscos y proyectos productivos.<\/p>\n<p style=\"text-align: justify;\">El senador Monreal expuso que no se va a dejar, ni que se va a rajar y que tampoco se va bajar de la contienda por la candidatura de Morena, a la Presidencia de la Rep\u00fablica. Conden\u00f3 el enorme despliegue publicitario de los aspirantes Claudia Sheinbaum y Ad\u00e1n Augusto L\u00f3pez, que pudo apreciar durante su breve estancia en el puerto.<\/p>\n<p style=\"text-align: justify;\">Por su lado, el controvertido diputado federal Gerardo Fern\u00e1ndez Noro\u00f1a, tuvo una intensa actividad proselitista en Acapulco, Chilpancingo y Tlapa. En esta \u00faltima ciudad, el Comit\u00e9 Estatal del PT, organiz\u00f3 una marcha multitudinaria, con la participaci\u00f3n de centenares de habitantes de comunidades ind\u00edgenas y de la cabecera municipal.<\/p>\n<p style=\"text-align: justify;\">En este lugar, Fern\u00e1ndez Noro\u00f1a se lanz\u00f3 ferozmente contra el alcalde priista, Gilberto Solano, a quien acus\u00f3 de todos los males habidos y por haber en la regi\u00f3n de La Monta\u00f1a. El legislador federal fue aplaudido a rabiar por sus simpatizantes petistas por su mensaje pol\u00edtico lleno de ocurrencias como es su ostumbre.<\/p>\n<p style=\"text-align: justify;\"><strong>Maremoto.-<\/strong> Todo un acontecimiento social y pol\u00edtico result\u00f3 el evento de cumplea\u00f1os del exmandatario estatal, \u00c1ngel Aguirre Rivero, all\u00e1 por el rumbo de la colonia Bonfil, a qui\u00e9n se observ\u00f3 desbordante de felicidad en compa\u00f1\u00eda de su familia y amistades.<\/p>\n<p style=\"text-align: justify;\">No pod\u00eda faltar el toque pol\u00edtico que dieron la presencia de personajes que figuran en los escenarios nacional y estatal, de la talla de Ricardo Monreal, Jos\u00e9 Manuel del R\u00edo, Silvano Aureoles, H\u00e9ctor Astudillo, Rub\u00e9n Figueroa, Manuel A\u00f1orve, Mario Moreno, Alejandro Bravo, Sof\u00edo Ram\u00edrez , H\u00e9ctor Vicario y Armando A\u00f1orve R\u00edos, entre otros. Los pol\u00edticos locales forman ahora la oposici\u00f3n en Guerrero, frente a los gobiernos emanados del Partido de Regeneraci\u00f3n Nacional (Morena).<\/p>\n<p style=\"text-align: justify;\">El festejado acompa\u00f1ado de sus nietos Santiago y Leonardo, dirigi\u00f3 un discurso lleno de emotividad que cimbr\u00f3 a la concurrencia al rememorar pasajes de su vida personal, familiar, pol\u00edtica y social, en un ambiente de camarader\u00eda y cordialidad.<\/p>\n<p style=\"text-align: justify;\">Discretamente se observ\u00f3 al coordinador del evento Armando A\u00f1orve Perea, verificar cada uno de los detalles y brindar la atenci\u00f3n personalizada a los invitados. Le cumpli\u00f3 con eficacia a su amigo y jefe pol\u00edtico, \u00c1ngel Aguirre.<\/p>\n<p><em>) S\u00edguenos en nuestra p\u00e1gina Facebook \/ @<a href=\"https:\/\/www.facebook.com\/acapulcopress.news\" target=\"_blank\" rel=\"noopener\">Acapulco Press<\/a><\/em><\/p>\n","protected":false},"excerpt":{"rendered":"<p>Marem\u00e1gnum \u00bb RICARDO | CASTILLO BARRIENTOS ) Facebook: @Ricardo Castillo Barrientos El auge de las redes sociales ha tra\u00eddo consigo un arsenal de infodemia consistente en la proliferaci\u00f3n de informaci\u00f3n falsa que cunde a velocidad inusitada y quienes no analizan contenidos -la inmensa mayor\u00eda- la consideran como verdad absoluta, misma que reenv\u00edan a sus contactos&#8230;<\/p>\n","protected":false},"author":2,"featured_media":1252994,"comment_status":"closed","ping_status":"closed","sticky":false,"template":"","format":"standard","meta":{"footnotes":""},"categories":[2071,1991],"tags":[10533,12503,13352,15575,18272],"class_list":["post-1252993","post","type-post","status-publish","format-standard","has-post-thumbnail","hentry","category-opinion-analisis-columnas","category-libertad-de-expresion","tag-jacinto-gonzalez-varona","tag-maremagnum","tag-movimiento-que-siga-lopez","tag-ricardo-castillo-barrientos","tag-yoshio-avila-gonzalez"],"_links":{"self":[{"href":"https:\/\/www.acapulcopress.com\/index.php\/wp-json\/wp\/v2\/posts\/1252993","targetHints":{"allow":["GET"]}}],"collection":[{"href":"https:\/\/www.acapulcopress.com\/index.php\/wp-json\/wp\/v2\/posts"}],"about":[{"href":"https:\/\/www.acapulcopress.com\/index.php\/wp-json\/wp\/v2\/types\/post"}],"author":[{"embeddable":true,"href":"https:\/\/www.acapulcopress.com\/index.php\/wp-json\/wp\/v2\/users\/2"}],"replies":[{"embeddable":true,"href":"https:\/\/www.acapulcopress.com\/index.php\/wp-json\/wp\/v2\/comments?post=1252993"}],"version-history":[{"count":0,"href":"https:\/\/www.acapulcopress.com\/index.php\/wp-json\/wp\/v2\/posts\/1252993\/revisions"}],"wp:featuredmedia":[{"embeddable":true,"href":"https:\/\/www.acapulcopress.com\/index.php\/wp-json\/"}],"wp:attachment":[{"href":"https:\/\/www.acapulcopress.com\/index.php\/wp-json\/wp\/v2\/media?parent=1252993"}],"wp:term":[{"taxonomy":"category","embeddable":true,"href":"https:\/\/www.acapulcopress.com\/index.php\/wp-json\/wp\/v2\/categories?post=1252993"},{"taxonomy":"post_tag","embeddable":true,"href":"https:\/\/www.acapulcopress.com\/index.php\/wp-json\/wp\/v2\/tags?post=1252993"}],"curies":[{"name":"wp","href":"https:\/\/api.w.org\/{rel}","templated":true}]}}