{"id":1252997,"date":"2023-04-25T21:45:03","date_gmt":"2023-04-26T02:45:03","guid":{"rendered":"https:\/\/www.acapulcopress.com\/?p=1252997"},"modified":"2023-04-25T21:45:03","modified_gmt":"2023-04-26T02:45:03","slug":"guerrero-cerrar-filas-con-evelyn","status":"publish","type":"post","link":"https:\/\/www.acapulcopress.com\/index.php\/2023\/04\/25\/guerrero-cerrar-filas-con-evelyn\/","title":{"rendered":"Guerrero, cerrar filas con Evelyn"},"content":{"rendered":"<p style=\"text-align: justify;\">Tercera V\u00eda<br \/>\n\u00bb <strong>ERNESTO<\/strong> | <strong>RIVERA RODR\u00cdGUEZ<\/strong><br \/>\n<em>) Facebook @<a href=\"https:\/\/www.facebook.com\/profile.php?id=100029214670744\" target=\"_blank\" rel=\"noopener\">Ernesto Rivera<\/a><\/em><\/p>\n<p style=\"text-align: justify;\">Ante la grave falta de comunicaci\u00f3n oficial por parte de la Presidencia de la rep\u00fablica, los rumores se han sextuplicados dando todo tipo de opiniones y constituido una inimaginable parte de la fraseolog\u00eda medi\u00e1tica: est\u00e1 o No est\u00e1 enfermo?, cu\u00e1ntos mexicanos han padecido el Covid tres veces?, es parte del show para confundir a las corcholatas y cederle la tribuna al Se\u00f1or Adams, perd\u00f3n se\u00f1or Ad\u00e1n?. Etc\u00e9tera etc\u00e9tera.<\/p>\n<p style=\"text-align: justify;\">Ante el inviable hipot\u00e9tico regreso del presidente <a href=\"https:\/\/www.facebook.com\/lopezobrador.org.mx\" target=\"_blank\" rel=\"noopener\">Andr\u00e9s Manuel L\u00f3pez Obrador<\/a>, por obvias razones de salud, lo \u00fanico real que debe de tomar Guerrero es cerrar filas con la gobernadora <a href=\"https:\/\/www.facebook.com\/EvelynSalgadoP\" target=\"_blank\" rel=\"noopener\">Evelyn Cesia Salgado Pineda<\/a>, y en la urgencia institucional aplicar lo ya establecido por la Constituci\u00f3n Pol\u00edtica de los Estados Unidos Mexicanos, en su Art\u00edculo 84, que a la letra dice: En caso de falta absoluta del Presidente de la Rep\u00fablica, en tanto el Congreso nombra al presidente interino o sustituto lo que deber\u00e1 ocurrir en un t\u00e9rmino no mayor de sesenta d\u00edas, el Secretario de Gobernaci\u00f3n asumir\u00e1 provisionalmente la titularidad del Poder Ejecutivo. En este caso no ser\u00e1 aplicable lo establecido en las fracciones II, III y IV del Art\u00edculo 82 de la Constituci\u00f3n.<\/p>\n<p style=\"text-align: justify;\">Qui\u00e9n ocupe provisionalmente la Presidencia no podr\u00e1 mover o designar a los Secretarios de Estado sin autorizaci\u00f3n previa del Senado de la rep\u00fablica. Asimismo entregar\u00e1 al Congreso de la Uni\u00f3n un informe de labores en un plazo no mayor a diez d\u00edas, contados a partir del momento en que termine su cargo. Hasta aqu\u00ed el Art\u00edculo 84.<\/p>\n<p style=\"text-align: justify;\">Jam\u00e1s en la historia moderna de nuestro pa\u00eds, y desde que se entr\u00f3 en la etapa constitucionalista a partir de 1917, no se hab\u00eda tenido la urgencia de recurrir, c\u00f3mo hoy es la imprevisible e hipot\u00e9tica realidad de acudir a resolver la institucionalidad de la irrestricta forma como lo indica el Art\u00edculo 84.<\/p>\n<p style=\"text-align: justify;\">En tanto Guerrero camina como debe hacerlo, con la mano firme, continuar\u00e1 con los objetivos y planes derivados de la pol\u00edtica de transformaci\u00f3n ya en marcha. Lo dem\u00e1s\u00a0son\u00a0hip\u00f3tesis.<\/p>\n<p><em>) S\u00edguenos en nuestra p\u00e1gina Facebook \/ @<a href=\"https:\/\/www.facebook.com\/acapulcopress.news\" target=\"_blank\" rel=\"noopener\">Acapulco Press<\/a><\/em><\/p>\n","protected":false},"excerpt":{"rendered":"<p>Tercera V\u00eda \u00bb ERNESTO | RIVERA RODR\u00cdGUEZ ) Facebook @Ernesto Rivera Ante la grave falta de comunicaci\u00f3n oficial por parte de la Presidencia de la rep\u00fablica, los rumores se han sextuplicados dando todo tipo de opiniones y constituido una inimaginable parte de la fraseolog\u00eda medi\u00e1tica: est\u00e1 o No est\u00e1 enfermo?, cu\u00e1ntos mexicanos han padecido el&#8230;<\/p>\n","protected":false},"author":2,"featured_media":1252998,"comment_status":"closed","ping_status":"closed","sticky":false,"template":"","format":"standard","meta":{"footnotes":""},"categories":[2071,1991],"tags":[8063,17071],"class_list":["post-1252997","post","type-post","status-publish","format-standard","has-post-thumbnail","hentry","category-opinion-analisis-columnas","category-libertad-de-expresion","tag-ernesto-rivera-rodriguez","tag-tercera-via"],"_links":{"self":[{"href":"https:\/\/www.acapulcopress.com\/index.php\/wp-json\/wp\/v2\/posts\/1252997","targetHints":{"allow":["GET"]}}],"collection":[{"href":"https:\/\/www.acapulcopress.com\/index.php\/wp-json\/wp\/v2\/posts"}],"about":[{"href":"https:\/\/www.acapulcopress.com\/index.php\/wp-json\/wp\/v2\/types\/post"}],"author":[{"embeddable":true,"href":"https:\/\/www.acapulcopress.com\/index.php\/wp-json\/wp\/v2\/users\/2"}],"replies":[{"embeddable":true,"href":"https:\/\/www.acapulcopress.com\/index.php\/wp-json\/wp\/v2\/comments?post=1252997"}],"version-history":[{"count":0,"href":"https:\/\/www.acapulcopress.com\/index.php\/wp-json\/wp\/v2\/posts\/1252997\/revisions"}],"wp:featuredmedia":[{"embeddable":true,"href":"https:\/\/www.acapulcopress.com\/index.php\/wp-json\/"}],"wp:attachment":[{"href":"https:\/\/www.acapulcopress.com\/index.php\/wp-json\/wp\/v2\/media?parent=1252997"}],"wp:term":[{"taxonomy":"category","embeddable":true,"href":"https:\/\/www.acapulcopress.com\/index.php\/wp-json\/wp\/v2\/categories?post=1252997"},{"taxonomy":"post_tag","embeddable":true,"href":"https:\/\/www.acapulcopress.com\/index.php\/wp-json\/wp\/v2\/tags?post=1252997"}],"curies":[{"name":"wp","href":"https:\/\/api.w.org\/{rel}","templated":true}]}}