{"id":1253001,"date":"2023-04-25T22:25:51","date_gmt":"2023-04-26T03:25:51","guid":{"rendered":"https:\/\/www.acapulcopress.com\/?p=1253001"},"modified":"2023-04-25T22:25:51","modified_gmt":"2023-04-26T03:25:51","slug":"supervisa-evelyn-salgado-avance-de-primer-centro-de-reinsercion-social-femenil-en-guerrero","status":"publish","type":"post","link":"https:\/\/www.acapulcopress.com\/index.php\/2023\/04\/25\/supervisa-evelyn-salgado-avance-de-primer-centro-de-reinsercion-social-femenil-en-guerrero\/","title":{"rendered":"Supervisa Evelyn Salgado avance de primer Centro de Reinserci\u00f3n Social Femenil en Guerrero"},"content":{"rendered":"<p style=\"text-align: justify;\">CHILPANCINGO * 25 de abril de 2023.<br \/>\n<em>) Gobierno de Guerrero<\/em><br \/>\nPara seguir transformando y mejorar el sistema penitenciario en Guerrero, la gobernadora <a href=\"https:\/\/www.facebook.com\/EvelynSalgadoP\" target=\"_blank\" rel=\"noopener\">Evelyn Salgado Pineda<\/a> realiz\u00f3 un recorrido para constatar los avances de la rehabilitaci\u00f3n <img loading=\"lazy\" decoding=\"async\" class=\"alignleft size-medium wp-image-1253010\" src=\"https:\/\/www.acapulcopress.com\/wp-content\/uploads\/2023\/04\/ceresofem9-375x250.jpg\" alt=\"\" width=\"375\" height=\"250\" \/>de lo que ser\u00e1 el primer Centro de Reinserci\u00f3n Social Femenil en Guerrero, donde se han invertido casi 10 millones de pesos a fin de dignificar la reclusi\u00f3n de las mujeres.<\/p>\n<p style=\"text-align: justify;\">\u00abEstamos trabajando a marchas forzadas para que todo quede muy bien. En el a\u00f1o 2022 y 2023 se ejercieron un total de recursos por 9 millones 986 mil 515 pesos con recursos del Fondo de Aportaciones para la Seguridad P\u00fablica y con ello se rehabilitaron algunos aspectos. El objetivo principal es la redignificaci\u00f3n de las mujeres y queremos que este centro sea un modelo a nivel nacional\u00bb, indic\u00f3 la mandataria estatal.<\/p>\n<p style=\"text-align: justify;\">Se trata de las instalaciones donde se encontraba el Albergue Tutelar y que hoy se habilitan como nuevo Centro de Reinserci\u00f3n Social Femenil ubicado sobre la carretera nacional <img loading=\"lazy\" decoding=\"async\" class=\"alignleft size-medium wp-image-1253008\" src=\"https:\/\/www.acapulcopress.com\/wp-content\/uploads\/2023\/04\/ceresofem7-375x250.jpg\" alt=\"\" width=\"375\" height=\"250\" \/>Chilpancingo \u2013 Chichihualco, el cual tendr\u00e1 capacidad para internar a 97 mujeres privadas de su libertad.<\/p>\n<p style=\"text-align: justify;\">Este nuevo penal exclusivo femenil en Guerrero se construye atendiendo las recomendaciones de la Comisi\u00f3n Nacional de Derechos Humanos para la atenci\u00f3n integral a las mujeres en Reinserci\u00f3n Social de acuerdo con lo dispuesto en la Constituci\u00f3n de la Ley Nacional de Ejecuci\u00f3n Penal.<\/p>\n<p style=\"text-align: justify;\">El secretario de Seguridad P\u00fablica, Evelio M\u00e9ndez G\u00f3mez, detall\u00f3 que las obras tienen un 75 por ciento de avance, con la construcci\u00f3n de dos dormitorios generales con capacidad de albergar a cinco mujeres por cada dormitorio, as\u00ed como una estancia con ocho cub\u00edculos para mujeres en periodo de lactancia.<\/p>\n<p style=\"text-align: justify;\"><img loading=\"lazy\" decoding=\"async\" class=\"alignleft size-medium wp-image-1253006\" src=\"https:\/\/www.acapulcopress.com\/wp-content\/uploads\/2023\/04\/ceresofem5-375x250.jpg\" alt=\"\" width=\"375\" height=\"250\" \/>\u00abEs una gran inversi\u00f3n y esperamos que el pr\u00f3ximo a\u00f1o se est\u00e9 dando la inauguraci\u00f3n de este centro de Reinserci\u00f3n Social Femenil, y que ser\u00eda el Cereso n\u00famero 20 en el pa\u00eds y el primero en Guerrero\u00bb, se\u00f1al\u00f3 M\u00e9ndez G\u00f3mez.<\/p>\n<p style=\"text-align: justify;\">Agreg\u00f3 que actualmente Guerrero cuenta con 12 Ceresos mixtos, por lo que con este nuevo centro femenil de 6 mil 487 metros cuadrados se fortalece el sistema penitenciario en Guerrero.<\/p>\n<p style=\"text-align: justify;\">La gobernadora Evelyn Salgado acompa\u00f1ada por el subsecretario de Administraci\u00f3n y Finanzas, Ricardo Salinas M\u00e9ndez; el secretario T\u00e9cnico Pablo Gordillo Oliveros y el secretario de Seguridad P\u00fablica, Evelio M\u00e9ndez G\u00f3mez, realizaron un recorrido al interior del inmueble para constatar los avances de las obras y atender las demandas a fin de ser puesta en operaci\u00f3n y funcionamiento en pr\u00f3ximas\u00a0fechas.<\/p>\n<p><img loading=\"lazy\" decoding=\"async\" class=\"alignnone wp-image-1253003 size-large\" src=\"https:\/\/www.acapulcopress.com\/wp-content\/uploads\/2023\/04\/ceresofem2-840x560.jpg\" alt=\"\" width=\"696\" height=\"464\" \/><\/p>\n<p style=\"text-align: justify;\"><em>) S\u00edguenos en nuestra p\u00e1gina Facebook \/ @<a href=\"https:\/\/www.facebook.com\/acapulcopress.news\" target=\"_blank\" rel=\"noopener\">Acapulco Press<\/a><\/em><\/p>\n","protected":false},"excerpt":{"rendered":"<p>CHILPANCINGO * 25 de abril de 2023. ) Gobierno de Guerrero Para seguir transformando y mejorar el sistema penitenciario en Guerrero, la gobernadora Evelyn Salgado Pineda realiz\u00f3 un recorrido para constatar los avances de la rehabilitaci\u00f3n de lo que ser\u00e1 el primer Centro de Reinserci\u00f3n Social Femenil en Guerrero, donde se han invertido casi 10&#8230;<\/p>\n","protected":false},"author":2,"featured_media":1253003,"comment_status":"closed","ping_status":"closed","sticky":false,"template":"","format":"standard","meta":{"footnotes":""},"categories":[1972,1983,18561],"tags":[5538,8251],"class_list":["post-1253001","post","type-post","status-publish","format-standard","has-post-thumbnail","hentry","category-special","category-guerrerogob","category-society-politics","tag-centro-de-reinsercion-social-femenil-en-guerrero","tag-evelyn-salgado-pineda"],"_links":{"self":[{"href":"https:\/\/www.acapulcopress.com\/index.php\/wp-json\/wp\/v2\/posts\/1253001","targetHints":{"allow":["GET"]}}],"collection":[{"href":"https:\/\/www.acapulcopress.com\/index.php\/wp-json\/wp\/v2\/posts"}],"about":[{"href":"https:\/\/www.acapulcopress.com\/index.php\/wp-json\/wp\/v2\/types\/post"}],"author":[{"embeddable":true,"href":"https:\/\/www.acapulcopress.com\/index.php\/wp-json\/wp\/v2\/users\/2"}],"replies":[{"embeddable":true,"href":"https:\/\/www.acapulcopress.com\/index.php\/wp-json\/wp\/v2\/comments?post=1253001"}],"version-history":[{"count":0,"href":"https:\/\/www.acapulcopress.com\/index.php\/wp-json\/wp\/v2\/posts\/1253001\/revisions"}],"wp:featuredmedia":[{"embeddable":true,"href":"https:\/\/www.acapulcopress.com\/index.php\/wp-json\/"}],"wp:attachment":[{"href":"https:\/\/www.acapulcopress.com\/index.php\/wp-json\/wp\/v2\/media?parent=1253001"}],"wp:term":[{"taxonomy":"category","embeddable":true,"href":"https:\/\/www.acapulcopress.com\/index.php\/wp-json\/wp\/v2\/categories?post=1253001"},{"taxonomy":"post_tag","embeddable":true,"href":"https:\/\/www.acapulcopress.com\/index.php\/wp-json\/wp\/v2\/tags?post=1253001"}],"curies":[{"name":"wp","href":"https:\/\/api.w.org\/{rel}","templated":true}]}}