{"id":1253012,"date":"2023-04-25T22:43:27","date_gmt":"2023-04-26T03:43:27","guid":{"rendered":"https:\/\/www.acapulcopress.com\/?p=1253012"},"modified":"2023-04-25T22:43:27","modified_gmt":"2023-04-26T03:43:27","slug":"citan-a-gobernadores-de-morena-a-palacio-nacional","status":"publish","type":"post","link":"https:\/\/www.acapulcopress.com\/index.php\/2023\/04\/25\/citan-a-gobernadores-de-morena-a-palacio-nacional\/","title":{"rendered":"Citan a gobernadores de Morena a Palacio Nacional"},"content":{"rendered":"<p style=\"text-align: justify;\">CIUDAD DE M\u00c9XICO * 25 de abril de 2023.<br \/>\n<em>) <a href=\"https:\/\/latinus.us\/2023\/04\/25\/convocan-a-gobernadores-a-reunion-en-palacio-nacional-para-este-miercoles\/\" target=\"_blank\" rel=\"noopener\">LatinUs<\/a><\/em><\/p>\n<p style=\"text-align: justify;\"><a href=\"https:\/\/www.facebook.com\/AlfonsoDurazoMontano\" target=\"_blank\" rel=\"noopener\">Alfonso Durazo<\/a>, gobernador de Sonora, inform\u00f3 este martes que gobernadores fueron citados para presentarse este mi\u00e9rcoles a una reuni\u00f3n en Palacio Nacional con el presidente <a href=\"https:\/\/www.facebook.com\/lopezobrador.org.mx\" target=\"_blank\" rel=\"noopener\">Andr\u00e9s Manuel L\u00f3pez Obrador<\/a>.<\/p>\n<p style=\"text-align: justify;\">\u201cMa\u00f1ana estamos citados, o estoy citado, los gobernadores, entiendo, a una reuni\u00f3n con el presidente L\u00f3pez Obrador. No s\u00e9 si estar\u00e1 \u00e9l presente, no s\u00e9 si nos acompa\u00f1ar\u00e1 por videoconferencia. El hecho es que est\u00e1 ratificada y eventualmente podr\u00eda ser conducida por el secretario de Gobernaci\u00f3n\u201d, afirm\u00f3.<\/p>\n<p style=\"text-align: justify;\">El mandatario estatal inform\u00f3 sobre la reuni\u00f3n a realizarse en la Ciudad de M\u00e9xico durante su conferencia de prensa realizada esta ma\u00f1ana.<\/p>\n<p style=\"text-align: justify;\">El gobernador de Sonora detall\u00f3 que desde antes de mediod\u00eda de este martes saldr\u00eda del estado para reunirse por la tarde con el secretario de Agricultura y Desarrollo Rural, V\u00edctor Manuel Villalobos Ar\u00e1mbula, y posteriormente con otras dependencias del gobierno federal.<\/p>\n<p style=\"text-align: justify;\">\u201cSalgo en un rato m\u00e1s a la Ciudad de M\u00e9xico. Tengo una reuni\u00f3n en la tarde con algunas instancias del gobierno federal en seguimiento del planteamiento que hicimos relacionado con el precio del trigo\u201d.<\/p>\n<p style=\"text-align: justify;\">\u201cHabl\u00e9 hoy con el secretario de Agricultura y espero verlo en la tarde y tendremos otras reuniones en el transcurso de la semana sobre el tema. He hablado con el secretario de Gobernaci\u00f3n, quien ha estado a bordo, muy comprometido\u201d, coment\u00f3 Durazo.<\/p>\n<p style=\"text-align: justify;\">El pasado domingo, el presidente L\u00f3pez Obrador cancel\u00f3 su gira por Yucat\u00e1n, luego de que medios locales reportaran que se hab\u00eda desvanecido durante un evento.<\/p>\n<p style=\"text-align: justify;\">Sin embargo, horas m\u00e1s tarde, el jefe del Ejecutivo inform\u00f3 a trav\u00e9s de Twitter que hab\u00eda dado positivo a Covid-19.<\/p>\n<p style=\"text-align: justify;\">Ante las dudas sobre su estado de salud, el mandatario escribi\u00f3 que se encontraba bien y que su coraz\u00f3n \u201cestaba al 100\u201d. \u201cNo es grave\u201d, agreg\u00f3 en el mensaje sobre su contagio.<\/p>\n<p style=\"text-align: justify;\">Desde entonces, el presidente est\u00e1 bajo aislamiento y con tratamiento m\u00e9dico. El secretario de Gobernaci\u00f3n, Ad\u00e1n Augusto L\u00f3pez Hern\u00e1ndez, ha estado encabezando las conferencias matutinas desde Palacio Nacional.<\/p>\n<p style=\"text-align: justify;\"><em>) S\u00edguenos en nuestra p\u00e1gina Facebook \/ @<a href=\"https:\/\/www.facebook.com\/acapulcopress.news\" target=\"_blank\" rel=\"noopener\">Acapulco Press<\/a><\/em><\/p>\n","protected":false},"excerpt":{"rendered":"<p>CIUDAD DE M\u00c9XICO * 25 de abril de 2023. ) LatinUs Alfonso Durazo, gobernador de Sonora, inform\u00f3 este martes que gobernadores fueron citados para presentarse este mi\u00e9rcoles a una reuni\u00f3n en Palacio Nacional con el presidente Andr\u00e9s Manuel L\u00f3pez Obrador. \u201cMa\u00f1ana estamos citados, o estoy citado, los gobernadores, entiendo, a una reuni\u00f3n con el presidente&#8230;<\/p>\n","protected":false},"author":2,"featured_media":1253013,"comment_status":"closed","ping_status":"closed","sticky":false,"template":"","format":"standard","meta":{"footnotes":""},"categories":[1997],"tags":[3619,3793,3799,3896,10142],"class_list":["post-1253012","post","type-post","status-publish","format-standard","has-post-thumbnail","hentry","category-noticias-destacadas","tag-alfonso-durazno-montano","tag-amlo","tag-amlo-covid19","tag-andres-manuel-lopez-obrador","tag-infarto-de-amlo"],"_links":{"self":[{"href":"https:\/\/www.acapulcopress.com\/index.php\/wp-json\/wp\/v2\/posts\/1253012","targetHints":{"allow":["GET"]}}],"collection":[{"href":"https:\/\/www.acapulcopress.com\/index.php\/wp-json\/wp\/v2\/posts"}],"about":[{"href":"https:\/\/www.acapulcopress.com\/index.php\/wp-json\/wp\/v2\/types\/post"}],"author":[{"embeddable":true,"href":"https:\/\/www.acapulcopress.com\/index.php\/wp-json\/wp\/v2\/users\/2"}],"replies":[{"embeddable":true,"href":"https:\/\/www.acapulcopress.com\/index.php\/wp-json\/wp\/v2\/comments?post=1253012"}],"version-history":[{"count":0,"href":"https:\/\/www.acapulcopress.com\/index.php\/wp-json\/wp\/v2\/posts\/1253012\/revisions"}],"wp:featuredmedia":[{"embeddable":true,"href":"https:\/\/www.acapulcopress.com\/index.php\/wp-json\/"}],"wp:attachment":[{"href":"https:\/\/www.acapulcopress.com\/index.php\/wp-json\/wp\/v2\/media?parent=1253012"}],"wp:term":[{"taxonomy":"category","embeddable":true,"href":"https:\/\/www.acapulcopress.com\/index.php\/wp-json\/wp\/v2\/categories?post=1253012"},{"taxonomy":"post_tag","embeddable":true,"href":"https:\/\/www.acapulcopress.com\/index.php\/wp-json\/wp\/v2\/tags?post=1253012"}],"curies":[{"name":"wp","href":"https:\/\/api.w.org\/{rel}","templated":true}]}}