{"id":1253015,"date":"2023-04-25T23:06:19","date_gmt":"2023-04-26T04:06:19","guid":{"rendered":"https:\/\/www.acapulcopress.com\/?p=1253015"},"modified":"2023-04-25T23:06:19","modified_gmt":"2023-04-26T04:06:19","slug":"tras-reunion-con-amlo-embajador-de-estados-unidos-da-positivo-a-covid19","status":"publish","type":"post","link":"https:\/\/www.acapulcopress.com\/index.php\/2023\/04\/25\/tras-reunion-con-amlo-embajador-de-estados-unidos-da-positivo-a-covid19\/","title":{"rendered":"Tras reuni\u00f3n con AMLO embajador de Estados Unidos da positivo a Covid19"},"content":{"rendered":"<p style=\"text-align: justify;\">CIUDAD DE M\u00c9XICO * 25 de abril de 2023.<br \/>\n<em>) <a href=\"https:\/\/latinus.us\/2023\/04\/25\/ken-salazar-positivo-covid-19-una-semana-despues-reunirse-amlo\/\" target=\"_blank\" rel=\"noopener\">LatinUS<\/a><br \/>\n<\/em>El embajador de Estados Unidos en M\u00e9xico, <a href=\"https:\/\/twitter.com\/USAmbMex\" target=\"_blank\" rel=\"noopener\">Ken Salazar<\/a>, inform\u00f3 este martes que result\u00f3 positivo a Covid-19, una semana despu\u00e9s de reunirse en Palacio Nacional con el presidente <a href=\"https:\/\/www.facebook.com\/lopezobrador.org.mx\" target=\"_blank\" rel=\"noopener\">Andr\u00e9s Manuel L\u00f3pez Obrador<\/a>.<\/p>\n<p style=\"text-align: justify;\">En sus redes sociales, el embajador se\u00f1al\u00f3 que suspender\u00e1 sus actividades para cumplir <img loading=\"lazy\" decoding=\"async\" class=\"alignleft size-medium wp-image-1253020\" src=\"https:\/\/www.acapulcopress.com\/wp-content\/uploads\/2023\/04\/ken-salazar-375x135.jpeg\" alt=\"\" width=\"375\" height=\"135\" \/>con los protocolos sanitarios establecidos por los Centros para el Control y Prevenci\u00f3n de Enfermedades (CDC, por sus siglas en ingl\u00e9s).<\/p>\n<p style=\"text-align: justify;\">\u201cNos tenemos que seguir cuidando contra la Covid-19 porque sigue latente. Les quiero comunicar que despu\u00e9s de hacer una prueba sal\u00ed positivo. Me encuentro bien\u201c, escribi\u00f3 en su publicaci\u00f3n.<\/p>\n<p style=\"text-align: justify;\">El domingo, el presidente L\u00f3pez Obrador inform\u00f3 que hab\u00eda dado positivo por tercera ocasi\u00f3n a Covid-19, por lo que suspendi\u00f3 su gira por Yucat\u00e1n.<\/p>\n<p style=\"text-align: justify;\">El pasado 17 de abril, Salazar acudi\u00f3 a Palacio Nacional a una reuni\u00f3n con el presidente L\u00f3pez Obrador, despu\u00e9s de que el mandatario criticara a la Administraci\u00f3n de Control de Drogas (DEA, en ingl\u00e9s) se infiltrara en el C\u00e1rtel de Sinaloa.<\/p>\n<p style=\"text-align: justify;\">Sobre la condici\u00f3n m\u00e9dica del mandatario federal, el secretario de Salud, Jorge Alcocer, se\u00f1al\u00f3 este martes que se encuentra con un estado de salud bueno y bajo tratamiento con paracetamol para los s\u00edntomas de fiebre y cansancio.<\/p>\n<p style=\"text-align: justify;\"><em>) S\u00edguenos en nuestra p\u00e1gina Facebook \/ @<a href=\"https:\/\/www.facebook.com\/acapulcopress.news\" target=\"_blank\" rel=\"noopener\">Acapulco Press<\/a><\/em><\/p>\n","protected":false},"excerpt":{"rendered":"<p>CIUDAD DE M\u00c9XICO * 25 de abril de 2023. ) LatinUS El embajador de Estados Unidos en M\u00e9xico, Ken Salazar, inform\u00f3 este martes que result\u00f3 positivo a Covid-19, una semana despu\u00e9s de reunirse en Palacio Nacional con el presidente Andr\u00e9s Manuel L\u00f3pez Obrador. En sus redes sociales, el embajador se\u00f1al\u00f3 que suspender\u00e1 sus actividades para&#8230;<\/p>\n","protected":false},"author":2,"featured_media":1253016,"comment_status":"closed","ping_status":"closed","sticky":false,"template":"","format":"standard","meta":{"footnotes":""},"categories":[1969,1972,2020],"tags":[3793,3893,6705,11439],"class_list":["post-1253015","post","type-post","status-publish","format-standard","has-post-thumbnail","hentry","category-trending","category-special","category-world-news","tag-amlo","tag-andres-manuel-lopez-a-obrador","tag-covid19","tag-ken-salazar"],"_links":{"self":[{"href":"https:\/\/www.acapulcopress.com\/index.php\/wp-json\/wp\/v2\/posts\/1253015","targetHints":{"allow":["GET"]}}],"collection":[{"href":"https:\/\/www.acapulcopress.com\/index.php\/wp-json\/wp\/v2\/posts"}],"about":[{"href":"https:\/\/www.acapulcopress.com\/index.php\/wp-json\/wp\/v2\/types\/post"}],"author":[{"embeddable":true,"href":"https:\/\/www.acapulcopress.com\/index.php\/wp-json\/wp\/v2\/users\/2"}],"replies":[{"embeddable":true,"href":"https:\/\/www.acapulcopress.com\/index.php\/wp-json\/wp\/v2\/comments?post=1253015"}],"version-history":[{"count":0,"href":"https:\/\/www.acapulcopress.com\/index.php\/wp-json\/wp\/v2\/posts\/1253015\/revisions"}],"wp:featuredmedia":[{"embeddable":true,"href":"https:\/\/www.acapulcopress.com\/index.php\/wp-json\/"}],"wp:attachment":[{"href":"https:\/\/www.acapulcopress.com\/index.php\/wp-json\/wp\/v2\/media?parent=1253015"}],"wp:term":[{"taxonomy":"category","embeddable":true,"href":"https:\/\/www.acapulcopress.com\/index.php\/wp-json\/wp\/v2\/categories?post=1253015"},{"taxonomy":"post_tag","embeddable":true,"href":"https:\/\/www.acapulcopress.com\/index.php\/wp-json\/wp\/v2\/tags?post=1253015"}],"curies":[{"name":"wp","href":"https:\/\/api.w.org\/{rel}","templated":true}]}}