{"id":1253028,"date":"2023-04-27T18:53:27","date_gmt":"2023-04-27T23:53:27","guid":{"rendered":"https:\/\/www.acapulcopress.com\/?p=1253028"},"modified":"2023-04-27T18:53:27","modified_gmt":"2023-04-27T23:53:27","slug":"incertidumbre-politica-por-la-sucesion-presidencial","status":"publish","type":"post","link":"https:\/\/www.acapulcopress.com\/index.php\/2023\/04\/27\/incertidumbre-politica-por-la-sucesion-presidencial\/","title":{"rendered":"Incertidumbre pol\u00edtica por la sucesi\u00f3n presidencial"},"content":{"rendered":"<p style=\"text-align: justify;\">Marem\u00e1gnum<br \/>\n\u00bb <strong>RICARDO<\/strong> | <strong>CASTILLO BARRIENTOS<\/strong><br \/>\n<em>) Facebook: @<a href=\"https:\/\/www.facebook.com\/ricardocastill01\" target=\"_blank\" rel=\"noopener\">Ricardo Castillo Barrientos<\/a><\/em><\/p>\n<p>La efervescencia generada por la sucesi\u00f3n presidencial est\u00e1 subiendo de intensidad al interior del partido en el poder, con la realizaci\u00f3n de actividades proselitistas anticipadas; su contraparte, los partidos de oposici\u00f3n est\u00e1n dando tumbos y no logran ponerse de acuerdo en elegir un candidato que los deje satisfechos, de una interminable lista de aspirantes.<\/p>\n<p style=\"text-align: justify;\">Los liderazgos de los partidos de la alianza \u201cVa por M\u00e9xico\u201d, promovida originalmente por el empresario extremista Claudio X Gonz\u00e1lez, est\u00e1n inmersos en un panorama desolador, en franca desventaja y sin br\u00fajula, que les indique una ruta de navegaci\u00f3n certera en la toma de decisiones, respecto a un personaje seleccionado por consenso, capaz de enfrentar con \u00e9xito al candidato oficial. Las encuestas dan amplio margen a Morena, por el momento.<\/p>\n<p style=\"text-align: justify;\">La situaci\u00f3n pol\u00edtica del pa\u00eds se encuentra convulsa y con rasgos de incertidumbre en algunos aspectos de la vida nacional. En las \u00faltimas d\u00e9cadas no se hab\u00eda visto algo semejante, en la fase previa a la sucesi\u00f3n presidencial.<\/p>\n<p style=\"text-align: justify;\">Este incierto panorama ha despertado la inquietud de algunos personajes de distinta ideolog\u00eda y militancia partidista, de manera similar de cuando surgi\u00f3 el famoso \u201cGrupo San \u00c1ngel\u201d, en 1994, a fin de evitar un \u201cchoque de trenes\u201d, entre los candidatos Ernesto Zedillo, Cuauht\u00e9moc C\u00e1rdenas, Diego Fern\u00e1ndez y el propio presidente Carlos Salinas.<\/p>\n<p style=\"text-align: justify;\">El Grupo plural y diverso \u201cM\u00e9xicolectivo\u201d busca situarse entre Morena y \u201cVa por M\u00e9xico\u201d y <img loading=\"lazy\" decoding=\"async\" class=\"alignleft size-medium wp-image-1253030\" src=\"https:\/\/www.acapulcopress.com\/wp-content\/uploads\/2023\/04\/MEXICOLECTIVO-375x250.jpg\" alt=\"\" width=\"375\" height=\"250\" \/>de ser posible aunque todav\u00eda no lo han manifestado abiertamente, construir una tercera alternativa muy distante de los aspirantes de los partidos registrados.<\/p>\n<p style=\"text-align: justify;\">Ayer mi\u00e9rcoles se constituy\u00f3 su filial en Acapulco, \u201cGuerrero Colectivo\u201d, como organizaci\u00f3n de la Sociedad Civil, con la asistencia y participaci\u00f3n de la mayor\u00eda de representantes de asociaciones civiles del estado, quienes expusieron diagn\u00f3sticos de problem\u00e1ticas inherentes a los segmentos sociales donde est\u00e1n dirigidas sus tareas sustantivas.<\/p>\n<p style=\"text-align: justify;\">Alberto Serna Mogoll\u00f3n, secretario general de esta naciente organizaci\u00f3n, explic\u00f3 que no pretenden convertirse en partido pol\u00edtico, sino en espacio ciudadano de convergencia, un lugar abierto a la innovaci\u00f3n y al debate.<\/p>\n<p style=\"text-align: justify;\">Destac\u00f3 la participaci\u00f3n de las \u201cFamilias de Acapulco en Busca de sus Desaparecidos, A. C.\u201d, que expusieron las acciones que llevan a cabo para la localizaci\u00f3n de sus seres queridos.<\/p>\n<p>Entre los presentes, la ex gobernadora de Yucat\u00e1n Ivonne Ortega Pacheco, H\u00e9ctor Astudillo, Mario Moreno, H\u00e9ctor Apreza, Rafael Navarrete, quienes aclararon que asistieron en su calidad de ciudadanos.<\/p>\n<p style=\"text-align: justify;\"><strong>Marea Baja.-<\/strong> La destacada hija adoptiva de Guerrero, Anna Lissette Guerra del Real, fue objeto de un merecido reconocimiento por su extraordinaria labor como activista social, a favor de la Cultura de Paz en el territorio guerrerense.<\/p>\n<p style=\"text-align: justify;\">Anna Guerra recibi\u00f3 la condecoraci\u00f3n \u201cMujer de Paz en el Mundo\u201d y el \u201cDoctorado Honoris Causa\u201d, en Filosof\u00eda de la Educaci\u00f3n, representando a M\u00e9xico en Espa\u00f1a.<\/p>\n<p style=\"text-align: justify;\">La activista social se involucr\u00f3 en la defensa y apoyo a las v\u00edctimas de la violencia, porque sufri\u00f3 en carne propia las consecuencias al exigir justicia del artero asesinato de su hermana, Pamela Montenegro del Real, en 2018 en el puerto de Acapulco Era conocida como la \u201cNana Pelucas\u201d, exitosa bloguera que interpretaba un personaje sat\u00edrico e irreverente y muy cr\u00edtica con los politicastros locales.<\/p>\n<p style=\"text-align: justify;\"><strong>Marea Alta.-<\/strong> Como parte de su costumbre y formaci\u00f3n pol\u00edtica e ideol\u00f3gica, los estudiantes de Ayotzinapa mantienen su rebeld\u00eda innata, en la exigencia del cumplimiento de peticiones a las autoridades educativas. Al no recibir respuestas satisfactorias, asumen posiciones radicales, bloqueando con frecuencia el bulevar Vicente Guerrero, paso estrat\u00e9gico de la Autopista del Sol.<\/p>\n<p style=\"text-align: justify;\">Los estudiantes esgrimen su pobreza y exigen respuestas a sus demandas, aun tengan que enfrentarse con piedras, palos y cohetones a las fuerzas policiacas, con saldo desfavorable para ambos bandos, con riesgo de tragedia.<\/p>\n<p style=\"text-align: justify;\">Los estudiantes normalistas y futuros profesores, exigen les doten de material did\u00e1ctico para sus pr\u00e1cticas profesionales, mejoramiento de la infraestructura educativa y mantenimiento de la escuela. Se afirma que los j\u00f3venes estudiantes demandan un viaje de estudios de 7 d\u00edas, adquisici\u00f3n de trajes, anillos, diplomas y bandas musicales para la graduaci\u00f3n.<br \/>\nMaremoto.- El rectorable Javier Salda\u00f1a Almaz\u00e1n reaccion\u00f3 virulentamente ante la embestida de las corrientes universitarias, que se oponen a la reelecci\u00f3n y a la consolidaci\u00f3n de su cacicazgo en la Alma Mater.<\/p>\n<p style=\"text-align: justify;\">Con el objetivo de neutralizar a sus opositores, ha promovido membretes como el Frente por la Defensa de la Universidad Aut\u00f3noma de Guerrero \u2013no confundir con Fredeuag- que exigen respeto al proceso electoral de la UAGro y no se violente la autonom\u00eda universitaria por personas externas.<\/p>\n<p style=\"text-align: justify;\">Con la actitud del inminente tri-rector, qui\u00e9n se siente due\u00f1o de la instituci\u00f3n y a punto de escriturarla a su favor; ignora que la M\u00e1xima Casa de Estudios pertenece al pueblo de Guerrero y por lo tanto, los guerrerenses tienen el pleno derecho constitucional de opinar sobre lo que acontezca dentro de los recintos universitarios y con mayor raz\u00f3n cuando se trata de consolidar un cacicazgo, que ni el Dr. Rosal\u00edo Wences Reza, se atrevi\u00f3 a tanto.<\/p>\n<p><em>) S\u00edguenos en nuestra p\u00e1gina Facebook \/ @<a href=\"https:\/\/www.facebook.com\/acapulcopress.news\" target=\"_blank\" rel=\"noopener\">Acapulco Press<\/a><\/em><\/p>\n","protected":false},"excerpt":{"rendered":"<p>Marem\u00e1gnum \u00bb RICARDO | CASTILLO BARRIENTOS ) Facebook: @Ricardo Castillo Barrientos La efervescencia generada por la sucesi\u00f3n presidencial est\u00e1 subiendo de intensidad al interior del partido en el poder, con la realizaci\u00f3n de actividades proselitistas anticipadas; su contraparte, los partidos de oposici\u00f3n est\u00e1n dando tumbos y no logran ponerse de acuerdo en elegir un candidato&#8230;<\/p>\n","protected":false},"author":2,"featured_media":1253029,"comment_status":"closed","ping_status":"closed","sticky":false,"template":"","format":"standard","meta":{"footnotes":""},"categories":[2071,1991],"tags":[12503,15575],"class_list":["post-1253028","post","type-post","status-publish","format-standard","has-post-thumbnail","hentry","category-opinion-analisis-columnas","category-libertad-de-expresion","tag-maremagnum","tag-ricardo-castillo-barrientos"],"_links":{"self":[{"href":"https:\/\/www.acapulcopress.com\/index.php\/wp-json\/wp\/v2\/posts\/1253028","targetHints":{"allow":["GET"]}}],"collection":[{"href":"https:\/\/www.acapulcopress.com\/index.php\/wp-json\/wp\/v2\/posts"}],"about":[{"href":"https:\/\/www.acapulcopress.com\/index.php\/wp-json\/wp\/v2\/types\/post"}],"author":[{"embeddable":true,"href":"https:\/\/www.acapulcopress.com\/index.php\/wp-json\/wp\/v2\/users\/2"}],"replies":[{"embeddable":true,"href":"https:\/\/www.acapulcopress.com\/index.php\/wp-json\/wp\/v2\/comments?post=1253028"}],"version-history":[{"count":0,"href":"https:\/\/www.acapulcopress.com\/index.php\/wp-json\/wp\/v2\/posts\/1253028\/revisions"}],"wp:featuredmedia":[{"embeddable":true,"href":"https:\/\/www.acapulcopress.com\/index.php\/wp-json\/"}],"wp:attachment":[{"href":"https:\/\/www.acapulcopress.com\/index.php\/wp-json\/wp\/v2\/media?parent=1253028"}],"wp:term":[{"taxonomy":"category","embeddable":true,"href":"https:\/\/www.acapulcopress.com\/index.php\/wp-json\/wp\/v2\/categories?post=1253028"},{"taxonomy":"post_tag","embeddable":true,"href":"https:\/\/www.acapulcopress.com\/index.php\/wp-json\/wp\/v2\/tags?post=1253028"}],"curies":[{"name":"wp","href":"https:\/\/api.w.org\/{rel}","templated":true}]}}