{"id":1253033,"date":"2023-04-27T19:48:13","date_gmt":"2023-04-28T00:48:13","guid":{"rendered":"https:\/\/www.acapulcopress.com\/?p=1253033"},"modified":"2023-04-27T19:48:13","modified_gmt":"2023-04-28T00:48:13","slug":"encabezo-gobernadora-reunion-de-seguridad-con-alcaldes-de-tierra-caliente-y-region-norte","status":"publish","type":"post","link":"https:\/\/www.acapulcopress.com\/index.php\/2023\/04\/27\/encabezo-gobernadora-reunion-de-seguridad-con-alcaldes-de-tierra-caliente-y-region-norte\/","title":{"rendered":"Encabez\u00f3 Gobernadora reuni\u00f3n de seguridad con alcaldes de Tierra Caliente y Regi\u00f3n Norte"},"content":{"rendered":"<p style=\"text-align: justify;\">CHILPANCINGO * 27 de abril de 2023.<br \/>\n<em>) Gobierno de Guerrero<\/em><br \/>\nLa gobernadora <a href=\"https:\/\/www.facebook.com\/EvelynSalgadoP\" target=\"_blank\" rel=\"noopener\">Evelyn Salgado Pineda<\/a> sostuvo una reuni\u00f3n de trabajo con presidentas y presidentes municipales de la regi\u00f3n de Tierra Caliente y parte de la regi\u00f3n Norte, para <img loading=\"lazy\" decoding=\"async\" class=\"alignleft size-medium wp-image-1253036\" src=\"https:\/\/www.acapulcopress.com\/wp-content\/uploads\/2023\/04\/EVELYN.SEGURIDAD3-375x250.jpg\" alt=\"\" width=\"375\" height=\"250\" \/>coordinar esfuerzos en materia de desarrollo social y de seguridad p\u00fablica, con el objetivo de fortalecer de manera integral la paz y la gobernabilidad de estas zonas por el bienestar de sus habitantes.<\/p>\n<p style=\"text-align: justify;\">La mandataria estatal acompa\u00f1ada de su gabinete de seguridad, puntualiz\u00f3 que seguir\u00e1 trabajando en la suma de esfuerzos con los municipios sin mirar colores partidistas, enfocados en atender las causas que originan la violencia, priorizando los sectores m\u00e1s vulnerables de las localidades de la Sierra, Tierra Caliente y Norte.<\/p>\n<p style=\"text-align: justify;\">Evelyn Salgado, reconoci\u00f3 en Tierra Caliente el respaldo de las fuerzas armadas para fortalecer las tareas de seguridad en coordinaci\u00f3n con las instancias del orden federal y estatal, as\u00ed como los trabajos de inteligencia para lograr capturar a los objetivos prioritarios y principales generadores de violencia.<\/p>\n<p style=\"text-align: justify;\">Esta reuni\u00f3n de trabajo se realiz\u00f3 luego de presidir la sesi\u00f3n de la Mesa de Coordinaci\u00f3n para la Construcci\u00f3n de la Paz donde estuvieron presentes el Secretario General de <img loading=\"lazy\" decoding=\"async\" class=\"alignleft size-medium wp-image-1253035\" src=\"https:\/\/www.acapulcopress.com\/wp-content\/uploads\/2023\/04\/EVELYN.SEGURIDAD2-375x250.jpg\" alt=\"\" width=\"375\" height=\"250\" \/>Gobierno, Ludwig Marcial Reynoso N\u00fa\u00f1ez; el comandante de la Novena Regi\u00f3n Militar, Ricardo Flores Gonz\u00e1lez; el comandante de la 35 Zona Militar, Enrique Mart\u00ednez L\u00f3pez; as\u00ed el representante de la Guardia Nacional en Guerrero; la Fiscal\u00eda General del Estado, Sandra Luz Valdovinos Salmer\u00f3n y el secretario de Seguridad P\u00fablica, Evelio M\u00e9ndez G\u00f3mez, entre otros.<\/p>\n<p style=\"text-align: justify;\">Esta reuni\u00f3n de trabajo se realiz\u00f3 luego de presidir la sesi\u00f3n de la Mesa de Coordinaci\u00f3n para la Construcci\u00f3n de la Paz donde estuvieron presentes el Secretario General de Gobierno, Ludwig Marcial Reynoso N\u00fa\u00f1ez; el comandante de la Novena Regi\u00f3n Militar, Ricardo Flores Gonz\u00e1lez; el comandante de la 35 Zona Militar, Enrique Mart\u00ednez L\u00f3pez; as\u00ed el representante de la Guardia Nacional en Guerrero; la Fiscal\u00eda General del Estado, Sandra Luz Valdovinos Salmer\u00f3n y el secretario de Seguridad P\u00fablica, Evelio M\u00e9ndez G\u00f3mez, entre otros.<\/p>\n<p style=\"text-align: justify;\">En la reuni\u00f3n estuvieron presentes las alcaldesas de Cutzamala de Pinz\u00f3n, Mayte Lucero Arce; de Pedro Ascencio de Alquisiras, Austreberta L\u00f3pez; de Zir\u00e1ndaro de los Ch\u00e1vez, Tania Pacheco Duarte; de Tlalchapa, Tania Mora Eguiluz; de Ixcateopan de Cuauht\u00e9moc, Naucelia Castillo; as\u00ed como los alcaldes de Teloloapan, Homero Hurtado Flores; de General Canuto Neri, Zesar Ortiz Torres; de Apaxtla de Castrej\u00f3n, David Manjarrez Miranda; de Arcelia, Bulmaro Torres; de Pungarabato, Cuauht\u00e9moc Mastachi Aguario; de Coyuca de Catal\u00e1n, Eusebio Echeverr\u00eda Tabares; de San Miguel Totolapan, Fredy V\u00e1zquez Palacios; de Tlapehuala, Jos\u00e9 Luis Ant\u00fanez y de Ajuchitl\u00e1n del Progreso, V\u00edctor Hugo Vega.<\/p>\n<p style=\"text-align: justify;\">En el encuentro tambi\u00e9n estuvieron presentes las y los diputados, Elzy Camacho Pineda, Adolfo Torales Catal\u00e1n, Susana Paola Ju\u00e1rez, Reynel Rodr\u00edguez y Flor A\u00f1orve Ocampo, donde se refrend\u00f3 el compromiso de avanzar en equipo con las autoridades municipales por la pacificaci\u00f3n y el bienestar de la Tierra Caliente para seguir transformando\u00a0Guerrero.<\/p>\n<p style=\"text-align: justify;\"><em>) S\u00edguenos en nuestra p\u00e1gina Facebook \/ @<a href=\"https:\/\/www.facebook.com\/acapulcopress.news\" target=\"_blank\" rel=\"noopener\">Acapulco Press<\/a><\/em><\/p>\n","protected":false},"excerpt":{"rendered":"<p>CHILPANCINGO * 27 de abril de 2023. ) Gobierno de Guerrero La gobernadora Evelyn Salgado Pineda sostuvo una reuni\u00f3n de trabajo con presidentas y presidentes municipales de la regi\u00f3n de Tierra Caliente y parte de la regi\u00f3n Norte, para coordinar esfuerzos en materia de desarrollo social y de seguridad p\u00fablica, con el objetivo de fortalecer&#8230;<\/p>\n","protected":false},"author":2,"featured_media":1253034,"comment_status":"closed","ping_status":"closed","sticky":false,"template":"","format":"standard","meta":{"footnotes":""},"categories":[1983,18561],"tags":[8251,9302,16390],"class_list":["post-1253033","post","type-post","status-publish","format-standard","has-post-thumbnail","hentry","category-guerrerogob","category-society-politics","tag-evelyn-salgado-pineda","tag-gobierno-de-guerrero","tag-seguridad-publica"],"_links":{"self":[{"href":"https:\/\/www.acapulcopress.com\/index.php\/wp-json\/wp\/v2\/posts\/1253033","targetHints":{"allow":["GET"]}}],"collection":[{"href":"https:\/\/www.acapulcopress.com\/index.php\/wp-json\/wp\/v2\/posts"}],"about":[{"href":"https:\/\/www.acapulcopress.com\/index.php\/wp-json\/wp\/v2\/types\/post"}],"author":[{"embeddable":true,"href":"https:\/\/www.acapulcopress.com\/index.php\/wp-json\/wp\/v2\/users\/2"}],"replies":[{"embeddable":true,"href":"https:\/\/www.acapulcopress.com\/index.php\/wp-json\/wp\/v2\/comments?post=1253033"}],"version-history":[{"count":0,"href":"https:\/\/www.acapulcopress.com\/index.php\/wp-json\/wp\/v2\/posts\/1253033\/revisions"}],"wp:featuredmedia":[{"embeddable":true,"href":"https:\/\/www.acapulcopress.com\/index.php\/wp-json\/"}],"wp:attachment":[{"href":"https:\/\/www.acapulcopress.com\/index.php\/wp-json\/wp\/v2\/media?parent=1253033"}],"wp:term":[{"taxonomy":"category","embeddable":true,"href":"https:\/\/www.acapulcopress.com\/index.php\/wp-json\/wp\/v2\/categories?post=1253033"},{"taxonomy":"post_tag","embeddable":true,"href":"https:\/\/www.acapulcopress.com\/index.php\/wp-json\/wp\/v2\/tags?post=1253033"}],"curies":[{"name":"wp","href":"https:\/\/api.w.org\/{rel}","templated":true}]}}