{"id":1253038,"date":"2023-04-27T21:37:06","date_gmt":"2023-04-28T02:37:06","guid":{"rendered":"https:\/\/www.acapulcopress.com\/?p=1253038"},"modified":"2023-04-27T21:37:06","modified_gmt":"2023-04-28T02:37:06","slug":"naugragos-rescatados-en-acapulco-regresan-a-sus-paises-de-origen","status":"publish","type":"post","link":"https:\/\/www.acapulcopress.com\/index.php\/2023\/04\/27\/naugragos-rescatados-en-acapulco-regresan-a-sus-paises-de-origen\/","title":{"rendered":"N\u00e1ugragos rescatados en Acapulco regresan a sus pa\u00edses de origen"},"content":{"rendered":"<p style=\"text-align: justify;\">ACAPULCO * 27 de abril de 2023.<br \/>\n<em>) Gobierno de Guerrero<\/em><br \/>\nGracias a las gestiones de la gobernadora <a href=\"https:\/\/www.facebook.com\/EvelynSalgadoP\" target=\"_blank\" rel=\"noopener\">Evelyn Salgado Pineda<\/a>, un grupo de n\u00e1ufragos sudamericanos &#8211;5 ecuatorianos y un colombiano&#8211; que fueron encontrados por la Secretar\u00eda de Marina (Semar) en las costas de Acapulco finalmente logran regresar a sus pa\u00edses de origen.<\/p>\n<p style=\"text-align: justify;\">Cruz Ernesto Chasin Mu\u00f1oz, de origen ecuatoriano, se\u00f1al\u00f3 que el pasado 18 de abril, salieron a pescar frente a las costas de Ecuador, pero una tormenta les hizo perder el rumbo, quedando a la deriva durante horas hasta que fueron interceptados por la Semar.<\/p>\n<p style=\"text-align: justify;\">\u201cYa compramos el vuelo para Ecuador, ya vamos para el aeropuerto, salimos 11:20 para nuestro pa\u00eds\u201d, indic\u00f3 Cruz Ernesto Chasin, quien agradeci\u00f3 las atenciones que recibieron por parte del Gobierno del Estado de Guerrero, sobre todo el trato humano y digno para todas las personas recatadas, as\u00ed como la preservaci\u00f3n y protecci\u00f3n de los derechos humanitarios fundamentales.<\/p>\n<p style=\"text-align: justify;\">De igual forma, agradecieron el apoyo de la Secretar\u00eda del Migrante y Asuntos Internacionales (Semai) por brindar ayuda alimentaria y asilo, adem\u00e1s de haber realizado el enlace con sus embajadas, cumpliendo los lineamientos que la gobernadora Evelyn Salgado ha trazado, de ser un gobierno sensible, humano y cercano\u00a0a\u00a0la\u00a0gente.<\/p>\n<p style=\"text-align: justify;\">) S\u00edguenos en nuestra p\u00e1gina Facebook.com\/<a href=\"https:\/\/www.facebook.com\/acapulcopress.news\" target=\"_blank\" rel=\"noopener\">acapulcopress.news<\/a><\/p>\n","protected":false},"excerpt":{"rendered":"<p>ACAPULCO * 27 de abril de 2023. ) Gobierno de Guerrero Gracias a las gestiones de la gobernadora Evelyn Salgado Pineda, un grupo de n\u00e1ufragos sudamericanos &#8211;5 ecuatorianos y un colombiano&#8211; que fueron encontrados por la Secretar\u00eda de Marina (Semar) en las costas de Acapulco finalmente logran regresar a sus pa\u00edses de origen. Cruz Ernesto&#8230;<\/p>\n","protected":false},"author":2,"featured_media":1253041,"comment_status":"closed","ping_status":"closed","sticky":false,"template":"","format":"standard","meta":{"footnotes":""},"categories":[1969,1972,2020],"tags":[6786,8251,13574,16222],"class_list":["post-1253038","post","type-post","status-publish","format-standard","has-post-thumbnail","hentry","category-trending","category-special","category-world-news","tag-cruz-ernesto-chasin-munoz","tag-evelyn-salgado-pineda","tag-naufragos-de-sudamerica","tag-secretaria-de-marina-semar"],"_links":{"self":[{"href":"https:\/\/www.acapulcopress.com\/index.php\/wp-json\/wp\/v2\/posts\/1253038","targetHints":{"allow":["GET"]}}],"collection":[{"href":"https:\/\/www.acapulcopress.com\/index.php\/wp-json\/wp\/v2\/posts"}],"about":[{"href":"https:\/\/www.acapulcopress.com\/index.php\/wp-json\/wp\/v2\/types\/post"}],"author":[{"embeddable":true,"href":"https:\/\/www.acapulcopress.com\/index.php\/wp-json\/wp\/v2\/users\/2"}],"replies":[{"embeddable":true,"href":"https:\/\/www.acapulcopress.com\/index.php\/wp-json\/wp\/v2\/comments?post=1253038"}],"version-history":[{"count":0,"href":"https:\/\/www.acapulcopress.com\/index.php\/wp-json\/wp\/v2\/posts\/1253038\/revisions"}],"wp:featuredmedia":[{"embeddable":true,"href":"https:\/\/www.acapulcopress.com\/index.php\/wp-json\/"}],"wp:attachment":[{"href":"https:\/\/www.acapulcopress.com\/index.php\/wp-json\/wp\/v2\/media?parent=1253038"}],"wp:term":[{"taxonomy":"category","embeddable":true,"href":"https:\/\/www.acapulcopress.com\/index.php\/wp-json\/wp\/v2\/categories?post=1253038"},{"taxonomy":"post_tag","embeddable":true,"href":"https:\/\/www.acapulcopress.com\/index.php\/wp-json\/wp\/v2\/tags?post=1253038"}],"curies":[{"name":"wp","href":"https:\/\/api.w.org\/{rel}","templated":true}]}}