{"id":1253042,"date":"2023-04-27T21:53:17","date_gmt":"2023-04-28T02:53:17","guid":{"rendered":"https:\/\/www.acapulcopress.com\/?p=1253042"},"modified":"2023-04-27T21:53:17","modified_gmt":"2023-04-28T02:53:17","slug":"con-motivo-del-dia-de-la-ninez-festeja-dif-guerrero-a-pacientes-del-crig","status":"publish","type":"post","link":"https:\/\/www.acapulcopress.com\/index.php\/2023\/04\/27\/con-motivo-del-dia-de-la-ninez-festeja-dif-guerrero-a-pacientes-del-crig\/","title":{"rendered":"Con motivo del D\u00eda de la Ni\u00f1ez, festeja DIF Guerrero a pacientes del CRIG"},"content":{"rendered":"<p style=\"text-align: justify;\">CHILPANCINGO * 27 de abril de 2023.<br \/>\n) DIF Guerrero<br \/>\nCon un gran festejo de color y alegr\u00eda el <a href=\"https:\/\/www.facebook.com\/SistemaDIFGuerrero\" target=\"_blank\" rel=\"noopener\">DIF Guerrero<\/a> celebr\u00f3 el D\u00eda de la Ni\u00f1a y el Ni\u00f1o a <img loading=\"lazy\" decoding=\"async\" class=\"alignleft size-medium wp-image-1253051\" src=\"https:\/\/www.acapulcopress.com\/wp-content\/uploads\/2023\/04\/crig.difgro9-375x250.jpg\" alt=\"\" width=\"375\" height=\"250\" \/>pacientes del Centro de Rehabilitaci\u00f3n Integral Guerrero (CRIG), con quienes la presidenta honoraria del DIF sostuvo un c\u00e1lido encuentro.<\/p>\n<p style=\"text-align: justify;\">La presidenta <a href=\"http:\/\/Liz Adriana Salgado Pineda\" target=\"_blank\" rel=\"noopener\">Liz Adriana Salgado Pineda<\/a> dio la bienvenida a las madres y padres de familia y a las y los ni\u00f1os que recibieron juguetes, pastel, aguinaldos, y disfrutaron los bailes, la comida y la presentaci\u00f3n de un show con tem\u00e1tica del personaje Mario Bros, juegos inflables y un taller de elaboraci\u00f3n de pi\u00f1atas.<\/p>\n<p style=\"text-align: justify;\">Este colorido festival estuvo lleno de sonrisas, diversi\u00f3n y emoci\u00f3n, reflejo del trabajo que realiz\u00f3 la familia DIF Guerrero \u201cpara demostrarles a las ni\u00f1as y ni\u00f1os lo valiosos que son para el gobierno del estado, lo orgullosos que nos sentimos y todo el esfuerzo que hacemos <img loading=\"lazy\" decoding=\"async\" class=\"alignleft size-medium wp-image-1253049\" src=\"https:\/\/www.acapulcopress.com\/wp-content\/uploads\/2023\/04\/crig.difgro7-375x291.jpg\" alt=\"\" width=\"375\" height=\"291\" \/>para que la felicidad de este d\u00eda toque los corazones de nuestras ni\u00f1as y ni\u00f1os en todas las regiones\u201d indic\u00f3 Liz Salgado.<\/p>\n<p style=\"text-align: justify;\">Despu\u00e9s del festejo, Liz Salgado encabez\u00f3 el evento de entrega mensual de aparatos funcionales a 27 municipios del estado a quienes dot\u00f3 de sillas de ruedas para ni\u00f1os y adultos, bastones y muletas para personas con discapacidad que lo necesitan. Estuvo acompa\u00f1a del secretario de Planeaci\u00f3n y Desarrollo Regional Ren\u00e9 Vargas Pineda, en representaci\u00f3n de la gobernadora Evelyn Salgado Pineda, de la presidenta de DIF Olinal\u00e1, Mireya Hern\u00e1ndez; del presidente de DIF de Juan R. Escudero, Miguel \u00c1ngel Costilla y del presidente de DIF Eduardo Neri,\u00a0Jes\u00fas\u00a0\u00c1lvarez.<\/p>\n<p style=\"text-align: justify;\"><img loading=\"lazy\" decoding=\"async\" class=\"alignnone wp-image-1253043 size-large\" src=\"https:\/\/www.acapulcopress.com\/wp-content\/uploads\/2023\/04\/crig.difgro-840x561.jpg\" alt=\"\" width=\"696\" height=\"465\" \/><\/p>\n<p style=\"text-align: justify;\"><em>) S\u00edguenos en nuestra p\u00e1gina Facebook.com\/<a href=\"https:\/\/www.facebook.com\/acapulcopress.news\/\" target=\"_blank\" rel=\"noopener\">acapulcopress.news<\/a><\/em><\/p>\n","protected":false},"excerpt":{"rendered":"<p>CHILPANCINGO * 27 de abril de 2023. ) DIF Guerrero Con un gran festejo de color y alegr\u00eda el DIF Guerrero celebr\u00f3 el D\u00eda de la Ni\u00f1a y el Ni\u00f1o a pacientes del Centro de Rehabilitaci\u00f3n Integral Guerrero (CRIG), con quienes la presidenta honoraria del DIF sostuvo un c\u00e1lido encuentro. La presidenta Liz Adriana Salgado&#8230;<\/p>\n","protected":false},"author":2,"featured_media":1253050,"comment_status":"closed","ping_status":"closed","sticky":false,"template":"","format":"standard","meta":{"footnotes":""},"categories":[1983,18561],"tags":[5530,7313,12009],"class_list":["post-1253042","post","type-post","status-publish","format-standard","has-post-thumbnail","hentry","category-guerrerogob","category-society-politics","tag-centro-de-rehabilitacion-integral-guerrero-crig","tag-dif-guerrero","tag-liz-adriana-salgado-pineda"],"_links":{"self":[{"href":"https:\/\/www.acapulcopress.com\/index.php\/wp-json\/wp\/v2\/posts\/1253042","targetHints":{"allow":["GET"]}}],"collection":[{"href":"https:\/\/www.acapulcopress.com\/index.php\/wp-json\/wp\/v2\/posts"}],"about":[{"href":"https:\/\/www.acapulcopress.com\/index.php\/wp-json\/wp\/v2\/types\/post"}],"author":[{"embeddable":true,"href":"https:\/\/www.acapulcopress.com\/index.php\/wp-json\/wp\/v2\/users\/2"}],"replies":[{"embeddable":true,"href":"https:\/\/www.acapulcopress.com\/index.php\/wp-json\/wp\/v2\/comments?post=1253042"}],"version-history":[{"count":0,"href":"https:\/\/www.acapulcopress.com\/index.php\/wp-json\/wp\/v2\/posts\/1253042\/revisions"}],"wp:featuredmedia":[{"embeddable":true,"href":"https:\/\/www.acapulcopress.com\/index.php\/wp-json\/"}],"wp:attachment":[{"href":"https:\/\/www.acapulcopress.com\/index.php\/wp-json\/wp\/v2\/media?parent=1253042"}],"wp:term":[{"taxonomy":"category","embeddable":true,"href":"https:\/\/www.acapulcopress.com\/index.php\/wp-json\/wp\/v2\/categories?post=1253042"},{"taxonomy":"post_tag","embeddable":true,"href":"https:\/\/www.acapulcopress.com\/index.php\/wp-json\/wp\/v2\/tags?post=1253042"}],"curies":[{"name":"wp","href":"https:\/\/api.w.org\/{rel}","templated":true}]}}