{"id":1253075,"date":"2023-04-28T17:09:37","date_gmt":"2023-04-28T22:09:37","guid":{"rendered":"https:\/\/www.acapulcopress.com\/?p=1253075"},"modified":"2023-04-28T17:09:37","modified_gmt":"2023-04-28T22:09:37","slug":"fustiga-papa-francisco-los-embriones-probeta-y-el-utero-de-alquiler","status":"publish","type":"post","link":"https:\/\/www.acapulcopress.com\/index.php\/2023\/04\/28\/fustiga-papa-francisco-los-embriones-probeta-y-el-utero-de-alquiler\/","title":{"rendered":"Fustiga Papa Francisco los \u00abembriones probeta\u201d y el \u00ab\u00fatero de alquiler\u201d"},"content":{"rendered":"<p style=\"text-align: justify;\">EL VATICANO * 28 de abril de 2023.<br \/>\n<em>) <a href=\"https:\/\/efe.com\/mundo\/2023-04-28\/papa-critica-embriones-probeta-y-utero-de-alquiler\/\" target=\"_blank\" rel=\"noopener\">Efe<\/a><br \/>\n<\/em>El papa Francisco no es partidario de \u201ccrear embriones de probeta para luego suprimirlos, comerciar con gametos y recurrir a la pr\u00e1ctica del \u00fatero de alquiler\u201d, m\u00e9todos \u201cartificiales\u201d que, explica, surgen por \u201cla separaci\u00f3n ideol\u00f3gica y pr\u00e1ctica de la relaci\u00f3n sexual de su potencial generativo\u201d.<\/p>\n<p style=\"text-align: justify;\">\u201cHoy en d\u00eda, la separaci\u00f3n ideol\u00f3gica y pr\u00e1ctica de la relaci\u00f3n sexual de su potencial generativo ha llevado a la b\u00fasqueda de formas alternativas de tener un hijo, que ya no implican relaciones conyugales, sino que recurren a procesos artificiales\u201d, se\u00f1al\u00f3 en un mensaje enviado al Congreso Internacional Woomb, que se ha inaugurado hoy en la Universidad del Sagrado Coraz\u00f3n de Roma.<\/p>\n<p style=\"text-align: justify;\">Y \u201csi es bueno ayudar y apoyar el leg\u00edtimo deseo de engendrar con los conocimientos cient\u00edficos m\u00e1s avanzados y las tecnolog\u00edas que curan y potencian la fertilidad, no lo es crear embriones de probeta para luego suprimirlos, comerciar con gametos y recurrir a la pr\u00e1ctica del \u00fatero de alquiler\u201d, asever\u00f3 Francisco, que en estos momentos se encuentra en Hungr\u00eda, donde ha comenzado este viernes una visita de tres d\u00edas.<\/p>\n<p style=\"text-align: justify;\">En su discurso a los participantes en el Congreso titulado \u201cLa \u2018revoluci\u00f3n Billings\u2019 70 a\u00f1os despu\u00e9s: del conocimiento de la fertilidad a la medicina personalizada\u201d, Francisco alab\u00f3 el m\u00e9todo natural que permite distinguir los d\u00edas de f\u00e9rtiles del ciclo menstrual femenino.<\/p>\n<p style=\"text-align: justify;\">\u201cJohn y Evelyn Billings difundieron un m\u00e9todo sencillo, al alcance de disposici\u00f3n de mujeres y parejas, para el conocimiento natural de la propia fertilidad, ofreciendo una valiosa herramienta para la gesti\u00f3n responsable de las opciones procreativas\u201d, dijo.<\/p>\n<p style=\"text-align: justify;\">Francisco, que consider\u00f3 que el mundo de hoy est\u00e1 dominado por un uso \u201crelativista y banal de la sexualidad humana\u201d, reflexion\u00f3 sobre la actual crisis demogr\u00e1fica, cuyo origen \u201cse encuentra, junto a diversos factores sociales y culturales, en un desequilibrio en la visi\u00f3n de la sexualidad\u201d.<\/p>\n<p style=\"text-align: justify;\">\u201cNo es casualidad que el m\u00e9todo Billings sea tambi\u00e9n un recurso para afrontar de forma natural los problemas de infertilidad y para ayudar a los c\u00f3nyuges a ser padres identificando los per\u00edodos m\u00e1s f\u00e9rtiles. En este campo, un mayor conocimiento de los procesos de generaci\u00f3n de la vida, vali\u00e9ndose de las modernas adquisiciones cient\u00edficas, podr\u00eda ayudar a muchas parejas a tomar decisiones m\u00e1s conscientes y \u00e9ticamente m\u00e1s respetuosas\u201d, a\u00f1ade.<\/p>\n<p style=\"text-align: justify;\">Se trata de \u201cuna tarea que las universidades cat\u00f3licas y, en particular, las Facultades de Medicina y Cirug\u00eda deben asumir con renovado empe\u00f1o\u201d, dijo, al recordar que \u201cpara el matrimonio Billings fue fundamental trabajar en la Facultad de Medicina de la Universidad de Melbourne\u201d.<\/p>\n<p style=\"text-align: justify;\">Por ese motivo, \u201ctambi\u00e9n es importante que el centro de estudio e investigaci\u00f3n de la regulaci\u00f3n natural de la fertilidad, que funciona desde 1976 en la Universidad Cat\u00f3lica del Sagrado Coraz\u00f3n, forme parte de uno de los centros acad\u00e9micos italianos m\u00e1s prestigiosos y pueda beneficiarse de los conocimientos cient\u00edficos m\u00e1s avanzados para llevar a cabo su misi\u00f3n de investigaci\u00f3n y formaci\u00f3n\u201d.<\/p>\n<p style=\"text-align: justify;\"><em>) S\u00edguenos en nuestra p\u00e1gina Facebook.com\/<a href=\"https:\/\/www.facebook.com\/acapulcopress.news\/\" target=\"_blank\" rel=\"noopener\">acapulcopress.news<\/a><\/em><\/p>\n","protected":false},"excerpt":{"rendered":"<p>EL VATICANO * 28 de abril de 2023. ) Efe El papa Francisco no es partidario de \u201ccrear embriones de probeta para luego suprimirlos, comerciar con gametos y recurrir a la pr\u00e1ctica del \u00fatero de alquiler\u201d, m\u00e9todos \u201cartificiales\u201d que, explica, surgen por \u201cla separaci\u00f3n ideol\u00f3gica y pr\u00e1ctica de la relaci\u00f3n sexual de su potencial generativo\u201d&#8230;.<\/p>\n","protected":false},"author":2,"featured_media":1253076,"comment_status":"closed","ping_status":"closed","sticky":false,"template":"","format":"standard","meta":{"footnotes":""},"categories":[1969,2020],"tags":[6389,7880,14214,17700],"class_list":["post-1253075","post","type-post","status-publish","format-standard","has-post-thumbnail","hentry","category-trending","category-world-news","tag-congreso-internacional-woomb","tag-embriones-probeta","tag-papa-francisco","tag-utero-de-alquiler"],"_links":{"self":[{"href":"https:\/\/www.acapulcopress.com\/index.php\/wp-json\/wp\/v2\/posts\/1253075","targetHints":{"allow":["GET"]}}],"collection":[{"href":"https:\/\/www.acapulcopress.com\/index.php\/wp-json\/wp\/v2\/posts"}],"about":[{"href":"https:\/\/www.acapulcopress.com\/index.php\/wp-json\/wp\/v2\/types\/post"}],"author":[{"embeddable":true,"href":"https:\/\/www.acapulcopress.com\/index.php\/wp-json\/wp\/v2\/users\/2"}],"replies":[{"embeddable":true,"href":"https:\/\/www.acapulcopress.com\/index.php\/wp-json\/wp\/v2\/comments?post=1253075"}],"version-history":[{"count":0,"href":"https:\/\/www.acapulcopress.com\/index.php\/wp-json\/wp\/v2\/posts\/1253075\/revisions"}],"wp:featuredmedia":[{"embeddable":true,"href":"https:\/\/www.acapulcopress.com\/index.php\/wp-json\/"}],"wp:attachment":[{"href":"https:\/\/www.acapulcopress.com\/index.php\/wp-json\/wp\/v2\/media?parent=1253075"}],"wp:term":[{"taxonomy":"category","embeddable":true,"href":"https:\/\/www.acapulcopress.com\/index.php\/wp-json\/wp\/v2\/categories?post=1253075"},{"taxonomy":"post_tag","embeddable":true,"href":"https:\/\/www.acapulcopress.com\/index.php\/wp-json\/wp\/v2\/tags?post=1253075"}],"curies":[{"name":"wp","href":"https:\/\/api.w.org\/{rel}","templated":true}]}}