{"id":1253078,"date":"2023-04-28T17:30:02","date_gmt":"2023-04-28T22:30:02","guid":{"rendered":"https:\/\/www.acapulcopress.com\/?p=1253078"},"modified":"2023-04-28T17:30:02","modified_gmt":"2023-04-28T22:30:02","slug":"congreso-pide-informes-de-ayuntamientos-sobre-atencion-a-comunidades-segregadas","status":"publish","type":"post","link":"https:\/\/www.acapulcopress.com\/index.php\/2023\/04\/28\/congreso-pide-informes-de-ayuntamientos-sobre-atencion-a-comunidades-segregadas\/","title":{"rendered":"Congreso pide informes de ayuntamientos sobre atenci\u00f3n a comunidades segregadas"},"content":{"rendered":"<p style=\"text-align: justify;\">CHILPANCINGO * 28 de abril de 2023.<br \/>\n<em>) Congreso de Guerrero<\/em><br \/>\nEl Congreso del Estado aprob\u00f3 por unanimidad solicitar a los ayuntamientos de los municipios de Cuajinicuilapa, San Marcos y Malinaltepec, as\u00ed como al Concejo Comunitario Municipal de Ayutla de los Libres, que remitan a esta Soberan\u00eda un informe pormenorizado relativo a su obligaci\u00f3n de garantizar los derechos humanos de los ciudadanos que habitan en los nuevos municipios de San Nicol\u00e1s, Las Vigas, Santa Cruz del Rinc\u00f3n y \u00d1uu Savi, debiendo suministrarles los servicios p\u00fablicos necesarios para una vida digna y de calidad.<\/p>\n<p style=\"text-align: justify;\">La propuesta que fue presentada por el diputado <a href=\"https:\/\/www.facebook.com\/profile.php?id=100075608005492\" target=\"_blank\" rel=\"noopener\">Jos\u00e9 Efr\u00e9n L\u00f3pez Cort\u00e9s<\/a> (Morena) es con el objeto de garantizar que estas comunidades sean beneficiarias de las distintas acciones de gobierno, programas y apoyos asistenciales, tanto de la federaci\u00f3n como del estado, adem\u00e1s de los que financian con recursos propios los ayuntamientos, hasta en tanto no se designen a las autoridades e instauren los ayuntamientos instituyentes.<\/p>\n<p style=\"text-align: justify;\">Para el efecto, se solicit\u00f3 al secretario de Planeaci\u00f3n y Desarrollo Regional del Gobierno del Estado para que, a trav\u00e9s de su Comit\u00e9, entregue al Congreso local un informe de los proyectos de obra p\u00fablica a realizar durante el ejercicio fiscal 2023, los recursos asignados a cada uno de estos, y los montos asignados conforme al n\u00famero de habitantes de cada comunidad.<\/p>\n<p style=\"text-align: justify;\">Por \u00faltimo, se instruy\u00f3 a la Auditor\u00eda Superior del Estado para que remita al Poder Legislativo, a trav\u00e9s de la Comisi\u00f3n de Vigilancia y Evaluaci\u00f3n, el informe relativo a los proyectos, programas y acciones establecidos en los planes de desarrollo de los municipios, as\u00ed como los recursos asignados en sus respectivos presupuestos de egresos para el Ejercicio Fiscal 2023.<\/p>\n<p style=\"text-align: justify;\">Al exponer la propuesta, el diputado explic\u00f3 que lo que se plantea es dar seguimiento a la correcta aplicaci\u00f3n de las Leyes de Ingresos municipales aprobadas el 7 de diciembre pasado para los municipios de Cuajinicuilapa, San Marcos, Malinaltepec y Ayutla de los Libres para el Ejercicio Fiscal 2023, mismas en las que se plasma que deber\u00e1n aplicarse recursos y acciones en las comunidades segregadas, hasta en tanto no se haga la designaci\u00f3n de los ayuntamientos instituyentes.<\/p>\n<p style=\"text-align: justify;\">Abund\u00f3, por \u00faltimo, que seg\u00fan testimonios de habitantes de las comunidades en menci\u00f3n, hay falta de atenci\u00f3n por parte de las administraciones municipales a los poblados que conforman los nuevos municipios, ante lo cual es necesario que el Poder Legislativo atienda la problem\u00e1tica y analice la situaci\u00f3n que guardan estas administraciones, y con ello evitar que se violenten los derechos humanos.<\/p>\n<p style=\"text-align: justify;\"><em>) S\u00edguenos en nuestra p\u00e1gina Facebook.com\/<a href=\"https:\/\/www.facebook.com\/acapulcopress.news\/\" target=\"_blank\" rel=\"noopener\">acapulcopress.news<\/a><\/em><\/p>\n","protected":false},"excerpt":{"rendered":"<p>CHILPANCINGO * 28 de abril de 2023. ) Congreso de Guerrero El Congreso del Estado aprob\u00f3 por unanimidad solicitar a los ayuntamientos de los municipios de Cuajinicuilapa, San Marcos y Malinaltepec, as\u00ed como al Concejo Comunitario Municipal de Ayutla de los Libres, que remitan a esta Soberan\u00eda un informe pormenorizado relativo a su obligaci\u00f3n de&#8230;<\/p>\n","protected":false},"author":2,"featured_media":1253079,"comment_status":"closed","ping_status":"closed","sticky":false,"template":"","format":"standard","meta":{"footnotes":""},"categories":[61,18561],"tags":[6370,11009],"class_list":["post-1253078","post","type-post","status-publish","format-standard","has-post-thumbnail","hentry","category-legislacion","category-society-politics","tag-congreso-de-guerrero","tag-jose-efren-lopez-cortes"],"_links":{"self":[{"href":"https:\/\/www.acapulcopress.com\/index.php\/wp-json\/wp\/v2\/posts\/1253078","targetHints":{"allow":["GET"]}}],"collection":[{"href":"https:\/\/www.acapulcopress.com\/index.php\/wp-json\/wp\/v2\/posts"}],"about":[{"href":"https:\/\/www.acapulcopress.com\/index.php\/wp-json\/wp\/v2\/types\/post"}],"author":[{"embeddable":true,"href":"https:\/\/www.acapulcopress.com\/index.php\/wp-json\/wp\/v2\/users\/2"}],"replies":[{"embeddable":true,"href":"https:\/\/www.acapulcopress.com\/index.php\/wp-json\/wp\/v2\/comments?post=1253078"}],"version-history":[{"count":0,"href":"https:\/\/www.acapulcopress.com\/index.php\/wp-json\/wp\/v2\/posts\/1253078\/revisions"}],"wp:featuredmedia":[{"embeddable":true,"href":"https:\/\/www.acapulcopress.com\/index.php\/wp-json\/"}],"wp:attachment":[{"href":"https:\/\/www.acapulcopress.com\/index.php\/wp-json\/wp\/v2\/media?parent=1253078"}],"wp:term":[{"taxonomy":"category","embeddable":true,"href":"https:\/\/www.acapulcopress.com\/index.php\/wp-json\/wp\/v2\/categories?post=1253078"},{"taxonomy":"post_tag","embeddable":true,"href":"https:\/\/www.acapulcopress.com\/index.php\/wp-json\/wp\/v2\/tags?post=1253078"}],"curies":[{"name":"wp","href":"https:\/\/api.w.org\/{rel}","templated":true}]}}