{"id":1253085,"date":"2023-04-28T18:26:52","date_gmt":"2023-04-28T23:26:52","guid":{"rendered":"https:\/\/www.acapulcopress.com\/?p=1253085"},"modified":"2023-04-28T18:26:52","modified_gmt":"2023-04-28T23:26:52","slug":"evelyn-salgado-dio-banderazo-a-integracion-de-25-nuevas-unidades-al-sistema-acabus","status":"publish","type":"post","link":"https:\/\/www.acapulcopress.com\/index.php\/2023\/04\/28\/evelyn-salgado-dio-banderazo-a-integracion-de-25-nuevas-unidades-al-sistema-acabus\/","title":{"rendered":"Evelyn Salgado dio banderazo a integraci\u00f3n de 25 nuevas unidades al Sistema Acab\u00fas"},"content":{"rendered":"<p style=\"text-align: justify;\"><em>* Se trata de unidades de \u00faltima generaci\u00f3n y de acuerdo a las normas internacionales para reducir la emisi\u00f3n de contaminantes\u00a0 <\/em><br \/>\n<strong><em>* Con esta adhesi\u00f3n, se tendr\u00e1 un total de 90 autobuses que dar\u00e1n servicio a m\u00e1s de 60 mil personas en las distintas rutas que cubre el sistema<\/em><\/strong><\/p>\n<p style=\"text-align: justify;\">ACAPULCO * 28 de abril de 2023.<br \/>\n<em>) Gobierno de Guerrero<br \/>\n<\/em>La gobernadora <a href=\"https:\/\/www.facebook.com\/EvelynSalgadoP\" target=\"_blank\" rel=\"noopener\">Evelyn Salgado Pineda<\/a> dio el banderazo de salida a 25 unidades nuevas y <img loading=\"lazy\" decoding=\"async\" class=\"alignleft size-medium wp-image-1253105\" src=\"https:\/\/www.acapulcopress.com\/wp-content\/uploads\/2023\/04\/SITACABUS17-375x250.jpg\" alt=\"\" width=\"375\" height=\"250\" \/>de \u00faltima generaci\u00f3n, que permitir\u00e1n fortalecer al Sistema Integral de Transporte (SIT) <a href=\"https:\/\/www.facebook.com\/AcabusOfficial\" target=\"_blank\" rel=\"noopener\">Acab\u00fas<\/a>, ofreciendo a los usuarios una mejor calidad y rapidez en el servicio. Esto se suma a los 65 camiones existentes, con lo que un total de 90 autobuses ofrecer\u00e1n traslados a m\u00e1s de 60 mil personas en sus distintas rutas.<\/p>\n<p style=\"text-align: justify;\">\u00abHoy el Acab\u00fas se consolida como el transporte colectivo de mayor afluencia en el estado, permitiendo la movilidad de 60 mil usuarios diariamente, que pueden trasladarse de manera r\u00e1pida, segura, c\u00f3moda y eficiente. Por eso hemos sido muy insistentes en no nada m\u00e1s poder recuperar el Acab\u00fas, sino en fortalecerlo, en mejorarlo, con m\u00e1s unidades que permitan un mejor servicio\u00bb, dijo la mandataria estatal.<\/p>\n<p style=\"text-align: justify;\"><img loading=\"lazy\" decoding=\"async\" class=\"alignleft size-medium wp-image-1253107\" src=\"https:\/\/www.acapulcopress.com\/wp-content\/uploads\/2023\/04\/SITACABUS19-375x250.jpg\" alt=\"\" width=\"375\" height=\"250\" \/>En el evento realizado en la Terminal de Transferencia Renacimiento, la gobernadora destac\u00f3 la participaci\u00f3n de los concesionarios, quienes le apuestan a Acapulco a trav\u00e9s de una importante inversi\u00f3n, como lo es esta nueva flotilla. \u00abEsto se va a llevar a cabo de una manera totalmente transparente y siempre en beneficio de las familias acapulque\u00f1as. Por eso muchos empresarios est\u00e1n apostando a Acapulco, a Guerrero, porque est\u00e1n encontr\u00e1ndose con este gobierno de puertas abiertas\u00bb, a\u00f1adi\u00f3.<\/p>\n<p style=\"text-align: justify;\">Dijo que todos estos resultados han sido prioritarios para poder consolidar un transporte en condiciones \u00f3ptimas y con una visi\u00f3n transversal que atienda a todos los sectores. A este respecto se refiri\u00f3 a la iniciativa de <em>Transporte Violeta<\/em>, que busca ofrecer espacios seguros para las mujeres y ni\u00f1as y que a trav\u00e9s del Acab\u00fas, hay cuatro unidades exclusivas para <img loading=\"lazy\" decoding=\"async\" class=\"alignleft size-medium wp-image-1253098\" src=\"https:\/\/www.acapulcopress.com\/wp-content\/uploads\/2023\/04\/SITACABUS10-375x563.jpg\" alt=\"\" width=\"375\" height=\"563\" \/>ofrecer este servicio.<\/p>\n<p style=\"text-align: justify;\">\u00abNo vamos a dar un paso atr\u00e1s hasta convertirnos en un ejemplo nacional. Cuando iniciamos el Protocolo Violeta no sab\u00edamos que \u00edbamos a ser un modelo a nivel nacional y esto nos impulsa a que en todas las cosas que hagamos, le pongamos todo el coraz\u00f3n, todo el trabajo, para que seamos un referente tambi\u00e9n a nivel nacional tambi\u00e9n en transporte y movilidad. Para que el transporte p\u00fablico siga siendo una prioridad para el bienestar de Guerrero\u201d, explic\u00f3.<\/p>\n<p style=\"text-align: justify;\">Durante su participaci\u00f3n, el secretario general de Gobierno, Ludwig Marcial Reynoso N\u00fa\u00f1ez confi\u00f3 en que la adhesi\u00f3n de estas nuevas unidades permitir\u00e1 que el Acab\u00fas mejor\u00e9 su servicio, adem\u00e1s de que reiter\u00f3 el compromiso del gobierno estatal para vigilar que se haga un correcto ejercicio y uso de la concesi\u00f3n, para que se ofrezcan unidades de calidad y existan las mejores condiciones para su operaci\u00f3n. \u201cNosotros pedimos un ejercicio correcto del sistema, pedimos que se d\u00e9 un buen servicio al usuario, esa es la ganancia del gobierno del estado; es lo que vamos a seguir impulsando\u201d, dijo.<\/p>\n<p style=\"text-align: justify;\">En representaci\u00f3n de los concesionarios, la directora de Autobuses Metropolitanos <img loading=\"lazy\" decoding=\"async\" class=\"alignleft size-medium wp-image-1253092\" src=\"https:\/\/www.acapulcopress.com\/wp-content\/uploads\/2023\/04\/SITACABUS4-375x250.jpg\" alt=\"\" width=\"375\" height=\"250\" \/>Guerrero, Fernanda Patricia Ruano Fonseca, detall\u00f3 que estas 25 unidades son de la marca Volkswagen 17230OD, cuentan con la norma internacional Euro 5 que ayuda a reducir las emisiones de gases nocivos al medio ambiente. Tienen cuatro cilindros ahorradores de combustible y un aire acondicionado dise\u00f1ado especialmente para altas temperaturas, como las que hay en el puerto.<\/p>\n<p style=\"text-align: justify;\">Tambi\u00e9n inform\u00f3 que ya est\u00e1n disponibles las nuevas tarjetas y la aplicaci\u00f3n Mi Saldo Acab\u00fas, a trav\u00e9s de la que los usuarios podr\u00e1n revisar su saldo y hacer recargas desde su celular.<\/p>\n<p style=\"text-align: justify;\">A nombre de los choferes, la operadora Acab\u00fas del Transporte Violeta, Ver\u00f3nica Buitr\u00f3n Ortiz, agradeci\u00f3 la puesta en marcha de esta iniciativa, ya que permite ofrecer seguridad y <img loading=\"lazy\" decoding=\"async\" class=\"alignleft size-medium wp-image-1253091\" src=\"https:\/\/www.acapulcopress.com\/wp-content\/uploads\/2023\/04\/SITACABUS3-375x250.jpg\" alt=\"\" width=\"375\" height=\"250\" \/>tranquilidad a sus usuarias. \u201cAgradecer al gobierno del estado de Guerrero, por este programa tan noble; a m\u00ed que me toca d\u00eda a d\u00eda transportar mujeres, me doy cuenta de la paz y la tranquilidad que este Transporte Violeta les brinda a todas ellas; la lucha contra la violencia de g\u00e9nero la estamos dando todos los d\u00edas\u201d, apunt\u00f3.<\/p>\n<p style=\"text-align: justify;\">Asistieron a este evento la presidenta de la Junta de Coordinaci\u00f3n Pol\u00edtica del Congreso Local, Yoloczin Dom\u00ednguez Serna; el concesionario transportista Fernando Ruano Bola\u00f1os; la directora general del Acab\u00fas, Sara Sebasti\u00e1n P\u00e9rez, y la diputada Estrella de la Paz Bernal.<\/p>\n<p><img loading=\"lazy\" decoding=\"async\" class=\"alignnone wp-image-1253094 size-large\" src=\"https:\/\/www.acapulcopress.com\/wp-content\/uploads\/2023\/04\/SITACABUS6-840x559.jpg\" alt=\"\" width=\"696\" height=\"463\" \/><\/p>\n<p style=\"text-align: justify;\"><em>) S\u00edguenos en nuestra p\u00e1gina Facebook.com\/<a href=\"https:\/\/www.facebook.com\/acapulcopress.news\/\" target=\"_blank\" rel=\"noopener\">acapulcopress.news<\/a><\/em><\/p>\n","protected":false},"excerpt":{"rendered":"<p>* Se trata de unidades de \u00faltima generaci\u00f3n y de acuerdo a las normas internacionales para reducir la emisi\u00f3n de contaminantes\u00a0 * Con esta adhesi\u00f3n, se tendr\u00e1 un total de 90 autobuses que dar\u00e1n servicio a m\u00e1s de 60 mil personas en las distintas rutas que cubre el sistema ACAPULCO * 28 de abril de&#8230;<\/p>\n","protected":false},"author":2,"featured_media":1253097,"comment_status":"closed","ping_status":"closed","sticky":false,"template":"","format":"standard","meta":{"footnotes":""},"categories":[1972,1983,18561],"tags":[8251,9302,16719,17352],"class_list":["post-1253085","post","type-post","status-publish","format-standard","has-post-thumbnail","hentry","category-special","category-guerrerogob","category-society-politics","tag-evelyn-salgado-pineda","tag-gobierno-de-guerrero","tag-sistema-integral-de-transporte-sit-acabus","tag-transporte-violeta"],"_links":{"self":[{"href":"https:\/\/www.acapulcopress.com\/index.php\/wp-json\/wp\/v2\/posts\/1253085","targetHints":{"allow":["GET"]}}],"collection":[{"href":"https:\/\/www.acapulcopress.com\/index.php\/wp-json\/wp\/v2\/posts"}],"about":[{"href":"https:\/\/www.acapulcopress.com\/index.php\/wp-json\/wp\/v2\/types\/post"}],"author":[{"embeddable":true,"href":"https:\/\/www.acapulcopress.com\/index.php\/wp-json\/wp\/v2\/users\/2"}],"replies":[{"embeddable":true,"href":"https:\/\/www.acapulcopress.com\/index.php\/wp-json\/wp\/v2\/comments?post=1253085"}],"version-history":[{"count":0,"href":"https:\/\/www.acapulcopress.com\/index.php\/wp-json\/wp\/v2\/posts\/1253085\/revisions"}],"wp:featuredmedia":[{"embeddable":true,"href":"https:\/\/www.acapulcopress.com\/index.php\/wp-json\/"}],"wp:attachment":[{"href":"https:\/\/www.acapulcopress.com\/index.php\/wp-json\/wp\/v2\/media?parent=1253085"}],"wp:term":[{"taxonomy":"category","embeddable":true,"href":"https:\/\/www.acapulcopress.com\/index.php\/wp-json\/wp\/v2\/categories?post=1253085"},{"taxonomy":"post_tag","embeddable":true,"href":"https:\/\/www.acapulcopress.com\/index.php\/wp-json\/wp\/v2\/tags?post=1253085"}],"curies":[{"name":"wp","href":"https:\/\/api.w.org\/{rel}","templated":true}]}}