{"id":1253119,"date":"2023-04-28T20:10:17","date_gmt":"2023-04-29T01:10:17","guid":{"rendered":"https:\/\/www.acapulcopress.com\/?p=1253119"},"modified":"2023-04-28T20:10:17","modified_gmt":"2023-04-29T01:10:17","slug":"sindicato-del-congresogro-presento-nuevo-comite-dirigido-por-jazmin-piza","status":"publish","type":"post","link":"https:\/\/www.acapulcopress.com\/index.php\/2023\/04\/28\/sindicato-del-congresogro-presento-nuevo-comite-dirigido-por-jazmin-piza\/","title":{"rendered":"Sindicato del #CongresoGro present\u00f3 nuevo comit\u00e9 dirigido por Jazm\u00edn Piza"},"content":{"rendered":"<p style=\"text-align: justify;\">CHILPANCINGO * 28 de abril de 2023.<br \/>\n) Comunicado<br \/>\nEl <em>Sindicato de Trabajadores del Poder Legislativo de Guerrero \u00abSentimientos de la Naci\u00f3n\u00bb<\/em> present\u00f3 una nueva dirigencia encabezada por Jazm\u00edn Piza Rodr\u00edguez, como secretaria general.<\/p>\n<p style=\"text-align: justify;\">En conferencia de prensa, los nuevos representantes se\u00f1alaron que el 29 de marzo, el Tribunal Laboral le dio la toma de nota al nuevo comit\u00e9, con lo que se sustituye legalmente al que encabezaba Fernando Mart\u00ednez Rom\u00e1n.<\/p>\n<p style=\"text-align: justify;\">La nueva secretaria general estuvo acompa\u00f1ada del secretario de Finanzas, Feliciano P\u00e9rez Morales; de la secretaria de Asuntos Laborales, Elvira Elizabeth Adame Aponte; de Derechos Humanos y Medio Ambiente, Jes\u00fas Gallardo Cruz; de Prevenci\u00f3n, Patricia Gissel Garc\u00eda S\u00e1nchez; y de Organizaci\u00f3n, Berenice Guerrero Almaz\u00e1n.<\/p>\n<p style=\"text-align: justify;\">En su participaci\u00f3n, la nueva secretaria general se\u00f1al\u00f3 que Mart\u00ednez Rom\u00e1n sigue perteneciendo al sindicato, pero ya no podr\u00e1 hablar ni actuar en representaci\u00f3n de este, y deslind\u00f3 a la agrupaci\u00f3n de las p\u00e1ginas de<em> Facebook<\/em> que el ex dirigente cre\u00f3, se\u00f1alando que el \u00fanico canal oficial es la p\u00e1gina que cre\u00f3 el nuevo comit\u00e9.<\/p>\n<p style=\"text-align: justify;\">Asimismo, se\u00f1al\u00f3 que el di\u00e1logo con la presidenta de la Junta de Coordinaci\u00f3n Pol\u00edtica, diputada<a href=\"https:\/\/www.facebook.com\/YoloczinDominguez\" target=\"_blank\" rel=\"noopener\"> Yoloczin Dom\u00ednguez Serna<\/a>, se restableci\u00f3 de inmediato, pues dijo que antes hab\u00eda situaciones personales involucradas \u201cque desconoc\u00edamos\u201d y eso hab\u00eda provocado desencuentros innecesarios.<\/p>\n<p style=\"text-align: justify;\">Dijo que tras el cambio, el di\u00e1logo permaneci\u00f3 con todos los trabajadores, los cuales agreg\u00f3 que van a seguir de la mano trabajando en armon\u00eda y expres\u00f3 su confianza en lograr \u201clos mejores beneficios para todos nuestros integrantes\u201d.<\/p>\n<p style=\"text-align: justify;\"><em>) S\u00edguenos en nuestra p\u00e1gina Facebook.com\/<a href=\"https:\/\/www.facebook.com\/acapulcopress.news\/\" target=\"_blank\" rel=\"noopener\">acapulcopress.news<\/a><\/em><\/p>\n","protected":false},"excerpt":{"rendered":"<p>CHILPANCINGO * 28 de abril de 2023. ) Comunicado El Sindicato de Trabajadores del Poder Legislativo de Guerrero \u00abSentimientos de la Naci\u00f3n\u00bb present\u00f3 una nueva dirigencia encabezada por Jazm\u00edn Piza Rodr\u00edguez, como secretaria general. En conferencia de prensa, los nuevos representantes se\u00f1alaron que el 29 de marzo, el Tribunal Laboral le dio la toma de&#8230;<\/p>\n","protected":false},"author":2,"featured_media":1253120,"comment_status":"closed","ping_status":"closed","sticky":false,"template":"","format":"standard","meta":{"footnotes":""},"categories":[61,18561],"tags":[10655,16650],"class_list":["post-1253119","post","type-post","status-publish","format-standard","has-post-thumbnail","hentry","category-legislacion","category-society-politics","tag-jazmin-piza-rodriguez","tag-sindicato-de-trabajadores-del-poder-legislativo-de-guerrero-sentimientos-de-la-nacion"],"_links":{"self":[{"href":"https:\/\/www.acapulcopress.com\/index.php\/wp-json\/wp\/v2\/posts\/1253119","targetHints":{"allow":["GET"]}}],"collection":[{"href":"https:\/\/www.acapulcopress.com\/index.php\/wp-json\/wp\/v2\/posts"}],"about":[{"href":"https:\/\/www.acapulcopress.com\/index.php\/wp-json\/wp\/v2\/types\/post"}],"author":[{"embeddable":true,"href":"https:\/\/www.acapulcopress.com\/index.php\/wp-json\/wp\/v2\/users\/2"}],"replies":[{"embeddable":true,"href":"https:\/\/www.acapulcopress.com\/index.php\/wp-json\/wp\/v2\/comments?post=1253119"}],"version-history":[{"count":0,"href":"https:\/\/www.acapulcopress.com\/index.php\/wp-json\/wp\/v2\/posts\/1253119\/revisions"}],"wp:featuredmedia":[{"embeddable":true,"href":"https:\/\/www.acapulcopress.com\/index.php\/wp-json\/"}],"wp:attachment":[{"href":"https:\/\/www.acapulcopress.com\/index.php\/wp-json\/wp\/v2\/media?parent=1253119"}],"wp:term":[{"taxonomy":"category","embeddable":true,"href":"https:\/\/www.acapulcopress.com\/index.php\/wp-json\/wp\/v2\/categories?post=1253119"},{"taxonomy":"post_tag","embeddable":true,"href":"https:\/\/www.acapulcopress.com\/index.php\/wp-json\/wp\/v2\/tags?post=1253119"}],"curies":[{"name":"wp","href":"https:\/\/api.w.org\/{rel}","templated":true}]}}