{"id":1253125,"date":"2023-04-28T20:47:34","date_gmt":"2023-04-29T01:47:34","guid":{"rendered":"https:\/\/www.acapulcopress.com\/?p=1253125"},"modified":"2023-04-28T20:47:34","modified_gmt":"2023-04-29T01:47:34","slug":"implementa-gobernadora-operativo-de-seguridad-por-fin-de-semana-largo-en-guerrrero","status":"publish","type":"post","link":"https:\/\/www.acapulcopress.com\/index.php\/2023\/04\/28\/implementa-gobernadora-operativo-de-seguridad-por-fin-de-semana-largo-en-guerrrero\/","title":{"rendered":"Implementa Gobernadora operativo de seguridad por fin de semana largo en Guerrrero"},"content":{"rendered":"<p style=\"text-align: justify;\">CHILPANCINGO * 28 de abril de 2023.<br \/>\n<em>) Gobierno de Guerrero\u00a0<\/em><br \/>\nEn sesi\u00f3n virtual, la gobernadora Evelyn Salgado Pineda con integrantes de la Mesa de Coordinaci\u00f3n para la Construcci\u00f3n de la Paz, delinearon los detalles de los operativos de seguridad desplegados en las principales vialidades y zonas tur\u00edsticas con motivo del fin de semana largo a fin de garantizar la estancia de los visitantes en Guerrero.<\/p>\n<p style=\"text-align: justify;\">Como parte de la atenci\u00f3n diaria a los temas de seguridad, la mandataria estatal revis\u00f3 las incidencias delictivas registradas en las \u00faltimas 24 horas, adem\u00e1s de evaluar los resultados de los operativos de combate frontal a la delincuencia en las zonas consideradas como prioritarias en el estado.<\/p>\n<p style=\"text-align: justify;\">En la mesa estatal de seguridad se detallaron las acciones de coordinaci\u00f3n para reforzar las estrategia de paz en Acapulco con el arribo de 500 elementos m\u00e1s de la Guardia Nacional a este destino tur\u00edstico.<\/p>\n<p style=\"text-align: justify;\">Tambi\u00e9n se dio seguimiento a las acciones implementadas de vigilancia epidemiol\u00f3gica y promoci\u00f3n a la salud, para mitigar los contagios de Covid19 que tiene presencia en 20 municipios del estado, registrando 203 casos activos, encabezando la lista los municipios de Acapulco, Chilpancingo, Malinaltepec y Chilapa.<\/p>\n<p style=\"text-align: justify;\"><em>) S\u00edguenos en nuestra p\u00e1gina Facebook.com\/<a href=\"https:\/\/www.facebook.com\/acapulcopress.news\/\" target=\"_blank\" rel=\"noopener\">acapulcopress.news<\/a><\/em><\/p>\n","protected":false},"excerpt":{"rendered":"<p>CHILPANCINGO * 28 de abril de 2023. ) Gobierno de Guerrero\u00a0 En sesi\u00f3n virtual, la gobernadora Evelyn Salgado Pineda con integrantes de la Mesa de Coordinaci\u00f3n para la Construcci\u00f3n de la Paz, delinearon los detalles de los operativos de seguridad desplegados en las principales vialidades y zonas tur\u00edsticas con motivo del fin de semana largo&#8230;<\/p>\n","protected":false},"author":2,"featured_media":1253126,"comment_status":"closed","ping_status":"closed","sticky":false,"template":"","format":"standard","meta":{"footnotes":""},"categories":[1969,2005],"tags":[8251,9302,16390],"class_list":["post-1253125","post","type-post","status-publish","format-standard","has-post-thumbnail","hentry","category-trending","category-seguridad-y-justicia","tag-evelyn-salgado-pineda","tag-gobierno-de-guerrero","tag-seguridad-publica"],"_links":{"self":[{"href":"https:\/\/www.acapulcopress.com\/index.php\/wp-json\/wp\/v2\/posts\/1253125","targetHints":{"allow":["GET"]}}],"collection":[{"href":"https:\/\/www.acapulcopress.com\/index.php\/wp-json\/wp\/v2\/posts"}],"about":[{"href":"https:\/\/www.acapulcopress.com\/index.php\/wp-json\/wp\/v2\/types\/post"}],"author":[{"embeddable":true,"href":"https:\/\/www.acapulcopress.com\/index.php\/wp-json\/wp\/v2\/users\/2"}],"replies":[{"embeddable":true,"href":"https:\/\/www.acapulcopress.com\/index.php\/wp-json\/wp\/v2\/comments?post=1253125"}],"version-history":[{"count":0,"href":"https:\/\/www.acapulcopress.com\/index.php\/wp-json\/wp\/v2\/posts\/1253125\/revisions"}],"wp:featuredmedia":[{"embeddable":true,"href":"https:\/\/www.acapulcopress.com\/index.php\/wp-json\/"}],"wp:attachment":[{"href":"https:\/\/www.acapulcopress.com\/index.php\/wp-json\/wp\/v2\/media?parent=1253125"}],"wp:term":[{"taxonomy":"category","embeddable":true,"href":"https:\/\/www.acapulcopress.com\/index.php\/wp-json\/wp\/v2\/categories?post=1253125"},{"taxonomy":"post_tag","embeddable":true,"href":"https:\/\/www.acapulcopress.com\/index.php\/wp-json\/wp\/v2\/tags?post=1253125"}],"curies":[{"name":"wp","href":"https:\/\/api.w.org\/{rel}","templated":true}]}}