{"id":1253128,"date":"2023-04-28T21:05:04","date_gmt":"2023-04-29T02:05:04","guid":{"rendered":"https:\/\/www.acapulcopress.com\/?p=1253128"},"modified":"2023-04-28T21:05:04","modified_gmt":"2023-04-29T02:05:04","slug":"recuperan-fuerzas-armadas-vias-tomadas-por-grupos-afines-al-crimen-organizado","status":"publish","type":"post","link":"https:\/\/www.acapulcopress.com\/index.php\/2023\/04\/28\/recuperan-fuerzas-armadas-vias-tomadas-por-grupos-afines-al-crimen-organizado\/","title":{"rendered":"Recuperan Fuerzas Armadas v\u00edas tomadas por grupos afines al crimen organizado"},"content":{"rendered":"<p style=\"text-align: justify;\">CHILPANCINGO * 28 de abril de 2023.<br \/>\n<em>) Gobierno de Guerrero<\/em><br \/>\nLa Mesa de Coordinaci\u00f3n para la Construcci\u00f3n de la Paz en Guerrero informa que en respuesta a los bloqueos implementados por grupos ligados a la delincuencia organizada en diversas partes de la Tierra Caliente y la Zona Norte del Estado, las instancias de seguridad estatal, en coordinaci\u00f3n con las Fuerzas Armadas y la Guardia Nacional, ya mantienen el control de las v\u00edas de comunicaci\u00f3n que fueron afectadas por civi<img loading=\"lazy\" decoding=\"async\" class=\"alignleft size-medium wp-image-1253130\" src=\"https:\/\/www.acapulcopress.com\/wp-content\/uploads\/2023\/04\/comunicado-375x485.jpg\" alt=\"\" width=\"375\" height=\"485\" \/>les y transportistas azuzados por grupos delictivos que operan en la zona.<\/p>\n<p style=\"text-align: justify;\">A trav\u00e9s de un comunicado, la Coordinaci\u00f3n para la Construcci\u00f3n de la Paz refrenda su compromiso de garantizar la seguridad y actuar de forma permanente contra todos aquellos grupos o personas que act\u00faen fuera de la ley, por lo que continuar\u00e1 con las acciones de seguridad acordadas en la regi\u00f3n de Tierra Caliente y en el corredor de la zona Norte y la Sierra.<\/p>\n<p style=\"text-align: justify;\"><em>) S\u00edguenos en nuestra p\u00e1gina Facebook.com\/<a href=\"https:\/\/www.facebook.com\/acapulcopress.news\/\" target=\"_blank\" rel=\"noopener\">acapulcopress.news<\/a><\/em><\/p>\n","protected":false},"excerpt":{"rendered":"<p>CHILPANCINGO * 28 de abril de 2023. ) Gobierno de Guerrero La Mesa de Coordinaci\u00f3n para la Construcci\u00f3n de la Paz en Guerrero informa que en respuesta a los bloqueos implementados por grupos ligados a la delincuencia organizada en diversas partes de la Tierra Caliente y la Zona Norte del Estado, las instancias de seguridad&#8230;<\/p>\n","protected":false},"author":2,"featured_media":1253129,"comment_status":"closed","ping_status":"closed","sticky":false,"template":"","format":"standard","meta":{"footnotes":""},"categories":[1972,1983,18561],"tags":[12964],"class_list":["post-1253128","post","type-post","status-publish","format-standard","has-post-thumbnail","hentry","category-special","category-guerrerogob","category-society-politics","tag-mesa-de-coordinacion-para-la-construccion-de-la-paz"],"_links":{"self":[{"href":"https:\/\/www.acapulcopress.com\/index.php\/wp-json\/wp\/v2\/posts\/1253128","targetHints":{"allow":["GET"]}}],"collection":[{"href":"https:\/\/www.acapulcopress.com\/index.php\/wp-json\/wp\/v2\/posts"}],"about":[{"href":"https:\/\/www.acapulcopress.com\/index.php\/wp-json\/wp\/v2\/types\/post"}],"author":[{"embeddable":true,"href":"https:\/\/www.acapulcopress.com\/index.php\/wp-json\/wp\/v2\/users\/2"}],"replies":[{"embeddable":true,"href":"https:\/\/www.acapulcopress.com\/index.php\/wp-json\/wp\/v2\/comments?post=1253128"}],"version-history":[{"count":0,"href":"https:\/\/www.acapulcopress.com\/index.php\/wp-json\/wp\/v2\/posts\/1253128\/revisions"}],"wp:featuredmedia":[{"embeddable":true,"href":"https:\/\/www.acapulcopress.com\/index.php\/wp-json\/"}],"wp:attachment":[{"href":"https:\/\/www.acapulcopress.com\/index.php\/wp-json\/wp\/v2\/media?parent=1253128"}],"wp:term":[{"taxonomy":"category","embeddable":true,"href":"https:\/\/www.acapulcopress.com\/index.php\/wp-json\/wp\/v2\/categories?post=1253128"},{"taxonomy":"post_tag","embeddable":true,"href":"https:\/\/www.acapulcopress.com\/index.php\/wp-json\/wp\/v2\/tags?post=1253128"}],"curies":[{"name":"wp","href":"https:\/\/api.w.org\/{rel}","templated":true}]}}