{"id":1253152,"date":"2023-05-01T19:10:44","date_gmt":"2023-05-02T00:10:44","guid":{"rendered":"https:\/\/www.acapulcopress.com\/?p=1253152"},"modified":"2023-05-01T19:10:44","modified_gmt":"2023-05-02T00:10:44","slug":"convoca-evelyn-salgado-a-alcaldes-de-tierra-caliente-a-nuevo-dialogo-de-paz","status":"publish","type":"post","link":"https:\/\/www.acapulcopress.com\/index.php\/2023\/05\/01\/convoca-evelyn-salgado-a-alcaldes-de-tierra-caliente-a-nuevo-dialogo-de-paz\/","title":{"rendered":"Convoca Evelyn Salgado a alcaldes de Tierra Caliente a nuevo di\u00e1logo de paz"},"content":{"rendered":"<p style=\"text-align: justify;\"><strong><em>* Pide mandataria estatal \u00abatender de manera institucional e inmediata\u00bb el llamado a \u00abretirar los bloqueos que est\u00e1n afectando severamente a ni\u00f1as, ni\u00f1os, y adultos mayores\u00bb y, principalmente, a \u00abgente con necesidad de ser atendida por un m\u00e9dico y, en general, a todas las mujeres y hombres nobles y trabajadores que ven interrumpida su vida cotidiana por este lamentable proceder\u00bb<\/em><\/strong><br \/>\n<em>* Ofrece Gobernadora \u00abprivilegiar el di\u00e1logo y el entendimiento pac\u00edfico, para generar acuerdos y encontrar soluciones, siempre por la legalidad y la legitimidad social\u00bb<\/em><\/p>\n<p style=\"text-align: justify;\">\u00bb <strong>\u00c1ngel<\/strong> |<strong> Blanco<\/strong><br \/>\nCHILPANCINGO * Lunes 1 de mayo de 2023.<br \/>\n<em>) Acapulco Press<\/em><br \/>\nTras de reconocer que \u00abel fuego no se apaga con m\u00e1s fuego\u00bb, sino con \u00abdi\u00e1logo y entendimiento pac\u00edfico\u00bb, la gobernadora <a href=\"https:\/\/www.facebook.com\/EvelynSalgadoP\" target=\"_blank\" rel=\"noopener\">Evelyn Salgado Pineda<\/a> invit\u00f3 a los alcaldes alcaldes \u00abque han manifestado su rechazo a las acciones emprendidas desde la estrategia conjunta de seguridad\u00bb planteada en la reunion sostenida el pasado 27 de abril y mantienen obstruidas las v\u00edas de comunicaci\u00f3n en la Tierra Caliente, a \u00abatender de manera institucional, inmediata\u00bb, el llamado a \u00abretirar los bloqueos que est\u00e1n afectando severamente a ni\u00f1as, ni\u00f1os, y adultos mayores\u00bb y, principalmente, a \u00abgente con necesidad de ser atendida por un m\u00e9dico y, en general, a todas las mujeres y hombres nobles y trabajadores que ven interrumpida su vida cotidiana por este lamentable proceder\u00bb.<\/p>\n<p style=\"text-align: justify;\">A trav\u00e9s de un comunicado publicado en su p\u00e1gina oficial de Facebook, la mandataria estatal reiter\u00f3 su postura de \u00abprivilegiar el di\u00e1logo y el entendimiento pac\u00edfico, para generar acuerdos y encontrar soluciones a cada uno de los retos que nuestra entidad manifiesta d\u00eda a d\u00eda\u00bb.<\/p>\n<p style=\"text-align: justify;\">Se\u00f1al\u00f3 que a lo largo de muchos a\u00f1os Guerrero ha sido calificado como un estado bronco y convulso, pero eso no cambi\u00f3 su \u00abprop\u00f3sito (de) iniciar la transformaci\u00f3n de nuestra entidad teniendo como base el humanismo en cada una de las acciones que hemos emprendido, porque creo firmemente que el fuego no se apaga con m\u00e1s fuego y que aqu\u00ed somos m\u00e1s los buenos; somos m\u00e1s los que queremos que la paz y el bienestar sean la herencia para nuestras pr\u00f3ximas generaciones\u00bb.<\/p>\n<p style=\"text-align: justify;\">En el particular caso de los bloqueos, se declar\u00f3 dispuesta a escuchar y atender cualquier necesidad que exista en los municipios de los alcaldes inconformes, siempre que dicho di\u00e1logo sea asistido \u00abpor la legalidad y la legitimidad social\u00bb.<\/p>\n<p style=\"text-align: justify;\">Evelyn Salgado conmin\u00f3 a los alcaldes que han manifestado su rechazo a las acciones emprendidas desde la estrategia conjunta de seguridad, anunciadas en una reuni\u00f3n de trabajo celebrada el 27 de abril pasado con 11 presidentes municipales y cuatro diputados de la Tierra Caliente en las instalaciones del 34 Batall\u00f3n de Infanter\u00eda con sede en Ciudad <img loading=\"lazy\" decoding=\"async\" class=\"alignleft size-medium wp-image-1253155\" src=\"https:\/\/www.acapulcopress.com\/wp-content\/uploads\/2023\/05\/reunion-de-seguridad-tierra-caliente-375x234.jpeg\" alt=\"\" width=\"375\" height=\"234\" \/>Altamirano, a retomar el di\u00e1logo y las propuestas para brindar paz y desarrollo en cada uno de sus municipios representados en dicho encuentro.<\/p>\n<p style=\"text-align: justify;\">\u00abA ustedes les digo que como nunca antes encontrar\u00e1n las puertas abiertas de la gobernadora y de este gobierno para reunirnos las veces que sean necesarias (hasta) encontrar juntos una ruta que permita resarcir la deuda hist\u00f3rica que se tiene con nuestra amada regi\u00f3n de Tierra Caliente\u00bb, suscribi\u00f3 la gobernadora.<\/p>\n<p style=\"text-align: justify;\">\u00abQue se entienda esto como un ofrecimiento firme para acompa\u00f1arles en la ineludible encomienda que tenemos como autoridades constitucionales de trabajar coordinados y de la mano por el bien de (todos) los guerrerenses, quienes nos otorgaron su confianza a trav\u00e9s del voto\u00bb, complement\u00f3 Salgado Pineda, para luego anunciar la instrucci\u00f3n conferida al secretario general de Gobierno, Ludwig Marcial Reynoso N\u00fa\u00f1ez, para convocar a un \u00abnuevo encuentro que permita generar los acuerdos necesarios, para que sus peticiones encuentren bajo el amparo de nuestro marco jur\u00eddico una soluci\u00f3n conveniente para todos, principalmente para nuestros ciudadanos\u00bb, tal y como fue ofrecimiento de la reuni\u00f3n sostenida en Ciudad Altamirano.<\/p>\n<p style=\"text-align: justify;\">\u00abEste es un llamado de la Gobernadora para atender de manera institucional, inmediata y como corresponde esta situaci\u00f3n, y que se retiren los bloqueos que est\u00e1n afectando severamente a ni\u00f1as, ni\u00f1os, a nuestros adultos mayores, a gente con necesidad de ser atendida por un m\u00e9dico y en general a todas las mujeres y todos los hombres nobles y trabajadores que ven interrumpida su vida cotidiana por este lamentable proceder\u00bb, culmin\u00f3 Evelyn Salgado su mensaje a los alcaldes inconformes que siguen obstruyendo las v\u00edas de comunicaci\u00f3n de la Tierra Caliente.<\/p>\n<p style=\"text-align: justify;\">A los guerrerenses, dijo, finalmente, que su gobierno seguir\u00e1 \u00abapostando por el di\u00e1logo para resolver este y todos los retos futuros, manteniendo firme mi compromiso de salvaguardar su paz y su tranquilidad por encima de todo. \u00a1Vamos a seguir trabajando para lograr lo que la mayor\u00eda queremos y anhelamos, que es que a Guerrero le vaya bien y mejor\u00bb. El comunicado lo signa con su nombre y apellido \u00abEvelyn Salgado Pineda\u00bb, Gobernadora Constitucional del Estado de Guerrero.<\/p>\n<p style=\"text-align: justify;\"><em>) S\u00edguenos en nuestra p\u00e1gina Facebook.com\/<a href=\"https:\/\/www.facebook.com\/acapulcopress.news\/\" target=\"_blank\" rel=\"noopener\">acapulcopress.news<\/a><\/em><\/p>\n","protected":false},"excerpt":{"rendered":"<p>* Pide mandataria estatal \u00abatender de manera institucional e inmediata\u00bb el llamado a \u00abretirar los bloqueos que est\u00e1n afectando severamente a ni\u00f1as, ni\u00f1os, y adultos mayores\u00bb y, principalmente, a \u00abgente con necesidad de ser atendida por un m\u00e9dico y, en general, a todas las mujeres y hombres nobles y trabajadores que ven interrumpida su vida&#8230;<\/p>\n","protected":false},"author":2,"featured_media":1253158,"comment_status":"closed","ping_status":"closed","sticky":false,"template":"","format":"standard","meta":{"footnotes":""},"categories":[1972,1983,18561],"tags":[4780,8251],"class_list":["post-1253152","post","type-post","status-publish","format-standard","has-post-thumbnail","hentry","category-special","category-guerrerogob","category-society-politics","tag-bloqueo-carretero-tierra-caliente","tag-evelyn-salgado-pineda"],"_links":{"self":[{"href":"https:\/\/www.acapulcopress.com\/index.php\/wp-json\/wp\/v2\/posts\/1253152","targetHints":{"allow":["GET"]}}],"collection":[{"href":"https:\/\/www.acapulcopress.com\/index.php\/wp-json\/wp\/v2\/posts"}],"about":[{"href":"https:\/\/www.acapulcopress.com\/index.php\/wp-json\/wp\/v2\/types\/post"}],"author":[{"embeddable":true,"href":"https:\/\/www.acapulcopress.com\/index.php\/wp-json\/wp\/v2\/users\/2"}],"replies":[{"embeddable":true,"href":"https:\/\/www.acapulcopress.com\/index.php\/wp-json\/wp\/v2\/comments?post=1253152"}],"version-history":[{"count":0,"href":"https:\/\/www.acapulcopress.com\/index.php\/wp-json\/wp\/v2\/posts\/1253152\/revisions"}],"wp:featuredmedia":[{"embeddable":true,"href":"https:\/\/www.acapulcopress.com\/index.php\/wp-json\/"}],"wp:attachment":[{"href":"https:\/\/www.acapulcopress.com\/index.php\/wp-json\/wp\/v2\/media?parent=1253152"}],"wp:term":[{"taxonomy":"category","embeddable":true,"href":"https:\/\/www.acapulcopress.com\/index.php\/wp-json\/wp\/v2\/categories?post=1253152"},{"taxonomy":"post_tag","embeddable":true,"href":"https:\/\/www.acapulcopress.com\/index.php\/wp-json\/wp\/v2\/tags?post=1253152"}],"curies":[{"name":"wp","href":"https:\/\/api.w.org\/{rel}","templated":true}]}}