{"id":1253192,"date":"2023-05-02T19:07:21","date_gmt":"2023-05-03T00:07:21","guid":{"rendered":"https:\/\/www.acapulcopress.com\/?p=1253192"},"modified":"2023-05-02T19:07:21","modified_gmt":"2023-05-03T00:07:21","slug":"compromiso-cumplido-logra-evelyn-salgado-desactivar-mas-bloqueos-en-tierra-caliente","status":"publish","type":"post","link":"https:\/\/www.acapulcopress.com\/index.php\/2023\/05\/02\/compromiso-cumplido-logra-evelyn-salgado-desactivar-mas-bloqueos-en-tierra-caliente\/","title":{"rendered":"Compromiso cumplido | Logra Evelyn Salgado desactivar m\u00e1s bloqueos en Tierra Caliente"},"content":{"rendered":"<p style=\"text-align: justify;\">PUNGARABATO * Lunes 2 de mayo de 2023.<br \/>\n<em>) Gobierno de Guerrero<\/em><br \/>\nComo se hab\u00eda comprometido, la gobernadora <a href=\"https:\/\/www.facebook.com\/EvelynSalgadoP\" target=\"_blank\" rel=\"noopener\">Evelyn Salgado Pineda<\/a> regres\u00f3 a Ciudad <img loading=\"lazy\" decoding=\"async\" class=\"alignleft size-medium wp-image-1253194\" src=\"https:\/\/www.acapulcopress.com\/wp-content\/uploads\/2023\/05\/evelyn.altamirano2-375x563.jpg\" alt=\"\" width=\"375\" height=\"563\" \/>Altamirano para encabezar un segundo encuentro con presidentes municipales de Tierra Caliente y parte de la zona Norte, donde se logr\u00f3 el compromiso de que no realizar\u00e1n m\u00e1s bloqueos a las v\u00edas de comunicaci\u00f3n y el entendimiento pac\u00edfico para enfrentar cada reto que se presenta en la regi\u00f3n y la entidad.<\/p>\n<p style=\"text-align: justify;\">En un ambiente de cordialidad y respeto, la mandataria escuch\u00f3 sus necesidades y planteamientos, en el marco de la legalidad, como se hab\u00eda comprometido, pues afirm\u00f3 que: \u00abLes reiter\u00e9 que nuestro gobierno es de puertas abiertas, adem\u00e1s de privilegiar el di\u00e1logo permanente\u00bb.<\/p>\n<p style=\"text-align: justify;\">La mandataria con las y los ediles acordaron en trabajar con la principal convicci\u00f3n de salvaguardar la paz, tranquilidad y bienestar del pueblo; asimismo abordaron temas prioritarios como el desarrollo de obras y programas de bienestar social en beneficio de la poblaci\u00f3n.<\/p>\n<p style=\"text-align: justify;\">Evelyn Salgado, afirm\u00f3 que su compromiso est\u00e1 m\u00e1s firme que nunca con la Tierra Caliente, y puntualiz\u00f3 que, \u00abal margen de la ley nada, por encima de la ley nadie\u00bb.<\/p>\n<p style=\"text-align: justify;\">Por su parte, los\u00a0 presidentes municipales de la regi\u00f3n de Tierra Caliente y parte de la zona Norte, reconocieron la disposici\u00f3n pol\u00edtica de la gobernadora para atender sus demandas, comprometi\u00e9ndose a no volver a afectar a la poblaci\u00f3n con m\u00e1s bloqueos.<\/p>\n<p style=\"text-align: justify;\">Tras reunirse con la titular del Ejecutivo estatal en Ciudad Altamirano, las y los alcaldes <img loading=\"lazy\" decoding=\"async\" class=\"alignleft size-medium wp-image-1253188\" src=\"https:\/\/www.acapulcopress.com\/wp-content\/uploads\/2023\/05\/evelyn.altamirano-375x250.jpg\" alt=\"\" width=\"375\" height=\"250\" \/>ofrecieron una disculpa a la poblaci\u00f3n por los inconvenientes que causaron por los bloqueos en la regi\u00f3n, adem\u00e1s de anunciar acuerdos con la gobernadora quien de manera personal los escuch\u00f3 y atendi\u00f3 acompa\u00f1ada por su gabinete de seguridad e integrantes de la Mesa de Coordinaci\u00f3n para la Construcci\u00f3n de la Paz.<\/p>\n<p style=\"text-align: justify;\">\u00abPedirle una disculpa a toda la sociedad por los bloqueos, sabemos que causaron molestias, pero ya no habr\u00e1 bloqueos. Ya ahorita con estos acuerdos y estos di\u00e1logos ya no habr\u00e1 m\u00e1s bloqueos\u00bb, se\u00f1al\u00f3 a nombre de los ediles, el alcalde de Pungarabato, Cuauht\u00e9moc Mastachi Aguario.<\/p>\n<p style=\"text-align: justify;\">A trav\u00e9s de su pol\u00edtica de di\u00e1logo y sin distingo partidista, la gobernadora Evelyn Salgado ofreci\u00f3 su disposici\u00f3n de apoyar a los municipios para coadyuvar a mejorar las condiciones de seguridad de la regi\u00f3n.<\/p>\n<p style=\"text-align: justify;\">\u00abFue una reuni\u00f3n muy fruct\u00edfera, la gobernadora vino con toda la disposici\u00f3n de apoyar a todos los alcaldes, a toda su gente, a todo su pueblo de Tierra Caliente sin distingo de partido. La gobernadora Evelyn Salgado y su equipo se mostr\u00f3 con toda la disposici\u00f3n de que todos estos conflictos se pacifiquen en la Tierra Caliente\u00bb, expres\u00f3 la diputada local por el distrito 20, Susana Paola\u00a0Ju\u00e1rez\u00a0G\u00f3mez.<\/p>\n<p style=\"text-align: justify;\"><em>) S\u00edguenos en nuestra p\u00e1gina Facebook.com\/<a href=\"https:\/\/www.facebook.com\/acapulcopress.news\/\" target=\"_blank\" rel=\"noopener\">acapulcopress.news<\/a><\/em><\/p>\n","protected":false},"excerpt":{"rendered":"<p>PUNGARABATO * Lunes 2 de mayo de 2023. ) Gobierno de Guerrero Como se hab\u00eda comprometido, la gobernadora Evelyn Salgado Pineda regres\u00f3 a Ciudad Altamirano para encabezar un segundo encuentro con presidentes municipales de Tierra Caliente y parte de la zona Norte, donde se logr\u00f3 el compromiso de que no realizar\u00e1n m\u00e1s bloqueos a las&#8230;<\/p>\n","protected":false},"author":2,"featured_media":1253195,"comment_status":"closed","ping_status":"closed","sticky":false,"template":"","format":"standard","meta":{"footnotes":""},"categories":[1972,1983,18561],"tags":[8251,9302,12964,14394],"class_list":["post-1253192","post","type-post","status-publish","format-standard","has-post-thumbnail","hentry","category-special","category-guerrerogob","category-society-politics","tag-evelyn-salgado-pineda","tag-gobierno-de-guerrero","tag-mesa-de-coordinacion-para-la-construccion-de-la-paz","tag-paz-en-guerrero"],"_links":{"self":[{"href":"https:\/\/www.acapulcopress.com\/index.php\/wp-json\/wp\/v2\/posts\/1253192","targetHints":{"allow":["GET"]}}],"collection":[{"href":"https:\/\/www.acapulcopress.com\/index.php\/wp-json\/wp\/v2\/posts"}],"about":[{"href":"https:\/\/www.acapulcopress.com\/index.php\/wp-json\/wp\/v2\/types\/post"}],"author":[{"embeddable":true,"href":"https:\/\/www.acapulcopress.com\/index.php\/wp-json\/wp\/v2\/users\/2"}],"replies":[{"embeddable":true,"href":"https:\/\/www.acapulcopress.com\/index.php\/wp-json\/wp\/v2\/comments?post=1253192"}],"version-history":[{"count":0,"href":"https:\/\/www.acapulcopress.com\/index.php\/wp-json\/wp\/v2\/posts\/1253192\/revisions"}],"wp:featuredmedia":[{"embeddable":true,"href":"https:\/\/www.acapulcopress.com\/index.php\/wp-json\/"}],"wp:attachment":[{"href":"https:\/\/www.acapulcopress.com\/index.php\/wp-json\/wp\/v2\/media?parent=1253192"}],"wp:term":[{"taxonomy":"category","embeddable":true,"href":"https:\/\/www.acapulcopress.com\/index.php\/wp-json\/wp\/v2\/categories?post=1253192"},{"taxonomy":"post_tag","embeddable":true,"href":"https:\/\/www.acapulcopress.com\/index.php\/wp-json\/wp\/v2\/tags?post=1253192"}],"curies":[{"name":"wp","href":"https:\/\/api.w.org\/{rel}","templated":true}]}}