{"id":1253204,"date":"2023-05-02T20:28:08","date_gmt":"2023-05-03T01:28:08","guid":{"rendered":"https:\/\/www.acapulcopress.com\/?p=1253204"},"modified":"2023-05-02T20:28:08","modified_gmt":"2023-05-03T01:28:08","slug":"orquesta-filarmonica-de-acapulco-celebra-25-anos-de-vida","status":"publish","type":"post","link":"https:\/\/www.acapulcopress.com\/index.php\/2023\/05\/02\/orquesta-filarmonica-de-acapulco-celebra-25-anos-de-vida\/","title":{"rendered":"Orquesta Filarm\u00f3nica de Acapulco celebra 25 a\u00f1os de vida"},"content":{"rendered":"<p style=\"text-align: justify;\">ACAPULCO * Lunes 2 de mayo de 2023.<br \/>\n<em>) Gobierno de Guerrero<\/em><br \/>\nCon la suma de mil 837 conciertos realizados con una audiencia de m\u00e1s de tres millones de personas la Orquesta Filarm\u00f3nica de Acapulco (OFA), celebra este 2 de mayo, 25 a\u00f1os de <img loading=\"lazy\" decoding=\"async\" class=\"alignleft size-medium wp-image-1253210\" src=\"https:\/\/www.acapulcopress.com\/wp-content\/uploads\/2023\/05\/OFAXXV5-375x281.jpg\" alt=\"\" width=\"375\" height=\"281\" \/>haber sido creada en el estado de Guerrero con el objetivo de rescatar, exponer, difundir y fomentar la m\u00fasica sinf\u00f3nica, a trav\u00e9s de conciertos a nivel estatal, nacional e internacional.<\/p>\n<p style=\"text-align: justify;\">El 2 de mayo de 1998, marc\u00f3 el inicio de una serie impresionante de actividades de la Orquesta Filarm\u00f3nica de Acapulco convirti\u00e9ndose as\u00ed, en la instituci\u00f3n musical m\u00e1s representativa de la entidad, asumiendo un compromiso social enfocado en el trabajo comunitario para contribuir de manera importante en la promoci\u00f3n de la cultura musical, distingui\u00e9ndose por ser una orquesta itinerante, de territorio, visitando los municipios y localidades m\u00e1s apartadas de Guerrero, entre los que se enlistan: Teloloapan, Tixtla, Mochitl\u00e1n, Taxco de Alarc\u00f3n, Cocula, Buenavista de Cu\u00e9llar, Coyuca de Ben\u00edtez, Chilpancingo de los Bravo, Iguala de la <img loading=\"lazy\" decoding=\"async\" class=\"alignleft size-medium wp-image-1253208\" src=\"https:\/\/www.acapulcopress.com\/wp-content\/uploads\/2023\/05\/OFAXXV3-375x281.jpg\" alt=\"\" width=\"375\" height=\"281\" \/>Independencia, Huitzuco de los Figueroa, Ixcateopan de Cuauht\u00e9moc, San Jer\u00f3nimo de Ju\u00e1rez, Atoyac de \u00c1lvarez, Ayutla de los Libres, Coacoyula de \u00c1lvarez, Pilcaya, Tepecoacuilco, San Luis Acatl\u00e1n, Leonardo Bravo, Olinal\u00e1, Cocula, Apaxtla de Castrej\u00f3n, Atenango del R\u00edo, San Marcos y Acapulco.<\/p>\n<p style=\"text-align: justify;\">El 11 de mayo del 2018, la Orquesta Filarm\u00f3nica de Acapulco fue declarada \u201cPatrimonio Cultural Intangible de los Guerrerenses\u201d, al considerar que: Ha sido semillero de m\u00fasicos profesionales, ha preservado el acervo musical de Guerrero, ha destacado el talento de m\u00fasicos y compositores guerrerenses y sus propuestas tienen un indiscutible valor patrimonial, tanto el resultado de la labor creativa de los compositores y arreglistas, que son portadores de un conocimiento patrimonial vivo que ha puesto a nuestro estado y <img loading=\"lazy\" decoding=\"async\" class=\"alignleft size-medium wp-image-1253207\" src=\"https:\/\/www.acapulcopress.com\/wp-content\/uploads\/2023\/05\/OFAXXV2-375x281.jpg\" alt=\"\" width=\"375\" height=\"281\" \/>en el pa\u00eds siendo no s\u00f3lo motivo de orgullo sino un referente cultural mexicano.<\/p>\n<p style=\"text-align: justify;\">Gracias al respaldo y apoyo que ha recibido por parte del gobierno que encabeza, Evelyn Salgado Pineda, la Orquesta Filarm\u00f3nica de Acapulco celebra su 25 Aniversario con una agenda constante de presentaciones que incluye una gira importante de conciertos municipales, conciertos de gala, programas did\u00e1cticos y presentaciones especiales en festivales, congresos y convenciones que se llevan a cabo en coordinaci\u00f3n con las Secretar\u00edas de Cultura, de Turismo y de Educaci\u00f3n en Guerrero.<\/p>\n<p style=\"text-align: justify;\">La Orquesta Filarm\u00f3nica de Acapulco, est\u00e1 conformada por 90 destacados m\u00fasicos profesionales de tiempo completo quienes realizan un promedio de 80 conciertos al a\u00f1o, tanto en el estado de Guerrero, como en el resto del pa\u00eds. En estos 25 a\u00f1os, ha realizado siete producciones discogr\u00e1ficas, rescatando en cinco de ellas, la m\u00fasica regional que distingue a cada municipio de esta entidad\u00a0suriana.<\/p>\n<p><img loading=\"lazy\" decoding=\"async\" class=\"alignnone wp-image-1253205 size-large\" src=\"https:\/\/www.acapulcopress.com\/wp-content\/uploads\/2023\/05\/ofa2-840x467.jpg\" alt=\"\" width=\"696\" height=\"387\" \/><\/p>\n<p style=\"text-align: justify;\"><em>) S\u00edguenos en nuestra p\u00e1gina Facebook.com\/<a href=\"https:\/\/www.facebook.com\/acapulcopress.news\/\" target=\"_blank\" rel=\"noopener\">acapulcopress.news<\/a><\/em><\/p>\n","protected":false},"excerpt":{"rendered":"<p>ACAPULCO * Lunes 2 de mayo de 2023. ) Gobierno de Guerrero Con la suma de mil 837 conciertos realizados con una audiencia de m\u00e1s de tres millones de personas la Orquesta Filarm\u00f3nica de Acapulco (OFA), celebra este 2 de mayo, 25 a\u00f1os de haber sido creada en el estado de Guerrero con el objetivo&#8230;<\/p>\n","protected":false},"author":2,"featured_media":1253213,"comment_status":"closed","ping_status":"closed","sticky":false,"template":"","format":"standard","meta":{"footnotes":""},"categories":[18563,1972,1988],"tags":[14058],"class_list":["post-1253204","post","type-post","status-publish","format-standard","has-post-thumbnail","hentry","category-entretenimiento","category-special","category-lifestyles","tag-orquesta-filarmonica-de-acapulco-ofa"],"_links":{"self":[{"href":"https:\/\/www.acapulcopress.com\/index.php\/wp-json\/wp\/v2\/posts\/1253204","targetHints":{"allow":["GET"]}}],"collection":[{"href":"https:\/\/www.acapulcopress.com\/index.php\/wp-json\/wp\/v2\/posts"}],"about":[{"href":"https:\/\/www.acapulcopress.com\/index.php\/wp-json\/wp\/v2\/types\/post"}],"author":[{"embeddable":true,"href":"https:\/\/www.acapulcopress.com\/index.php\/wp-json\/wp\/v2\/users\/2"}],"replies":[{"embeddable":true,"href":"https:\/\/www.acapulcopress.com\/index.php\/wp-json\/wp\/v2\/comments?post=1253204"}],"version-history":[{"count":0,"href":"https:\/\/www.acapulcopress.com\/index.php\/wp-json\/wp\/v2\/posts\/1253204\/revisions"}],"wp:featuredmedia":[{"embeddable":true,"href":"https:\/\/www.acapulcopress.com\/index.php\/wp-json\/"}],"wp:attachment":[{"href":"https:\/\/www.acapulcopress.com\/index.php\/wp-json\/wp\/v2\/media?parent=1253204"}],"wp:term":[{"taxonomy":"category","embeddable":true,"href":"https:\/\/www.acapulcopress.com\/index.php\/wp-json\/wp\/v2\/categories?post=1253204"},{"taxonomy":"post_tag","embeddable":true,"href":"https:\/\/www.acapulcopress.com\/index.php\/wp-json\/wp\/v2\/tags?post=1253204"}],"curies":[{"name":"wp","href":"https:\/\/api.w.org\/{rel}","templated":true}]}}