{"id":1253276,"date":"2023-05-03T20:46:32","date_gmt":"2023-05-04T01:46:32","guid":{"rendered":"https:\/\/www.acapulcopress.com\/?p=1253276"},"modified":"2023-05-03T20:46:32","modified_gmt":"2023-05-04T01:46:32","slug":"gobernadora-aborda-con-secretaria-del-suspeg-temas-prioritarios-de-la-base-trabajadora","status":"publish","type":"post","link":"https:\/\/www.acapulcopress.com\/index.php\/2023\/05\/03\/gobernadora-aborda-con-secretaria-del-suspeg-temas-prioritarios-de-la-base-trabajadora\/","title":{"rendered":"Gobernadora aborda con secretaria del SUSPEG temas prioritarios de la base trabajadora"},"content":{"rendered":"<p style=\"text-align: justify;\">CHILPANCINGO * 3 de mayo de 2023.<br \/>\n<em>) Gobierno de Guerrero<\/em><br \/>\n<img loading=\"lazy\" decoding=\"async\" class=\"alignleft size-medium wp-image-1253277\" src=\"https:\/\/www.acapulcopress.com\/wp-content\/uploads\/2023\/05\/evelyn.suspeg-375x562.jpg\" alt=\"\" width=\"375\" height=\"562\" \/>La gobernadora <a href=\"https:\/\/www.facebook.com\/EvelynSalgadoP\" target=\"_blank\" rel=\"noopener\">Evelyn Salgado Pineda<\/a> se reuni\u00f3 con la Secretaria General del <a href=\"https:\/\/www.facebook.com\/suspeg\" target=\"_blank\" rel=\"noopener\">Sindicato \u00danico de Servidores P\u00fablicos del Estado de Guerrero<\/a> (SUSPEG), <a href=\"https:\/\/www.facebook.com\/adehdezangelito\" target=\"_blank\" rel=\"noopener\">Adela Hern\u00e1ndez Angelito<\/a>, y el subsecretario de Administraci\u00f3n de la Secretar\u00eda de Finanzas del Estado, Ricardo Salinas M\u00e9ndez, para dar seguimiento a los temas prioritarios que beneficien a la base trabajadora y garantizan la justicia social y laboral, a trav\u00e9s de una relaci\u00f3n cordial entre el gobierno del estado y el gremio sindical en Guerrero.<\/p>\n<p style=\"text-align: justify;\"><em>) S\u00edguenos en nuestra p\u00e1gina Facebook.com\/<a href=\"https:\/\/www.facebook.com\/acapulcopress.news\/\" target=\"_blank\" rel=\"noopener\">acapulcopress.news<\/a><\/em><\/p>\n","protected":false},"excerpt":{"rendered":"<p>CHILPANCINGO * 3 de mayo de 2023. ) Gobierno de Guerrero La gobernadora Evelyn Salgado Pineda se reuni\u00f3 con la Secretaria General del Sindicato \u00danico de Servidores P\u00fablicos del Estado de Guerrero (SUSPEG), Adela Hern\u00e1ndez Angelito, y el subsecretario de Administraci\u00f3n de la Secretar\u00eda de Finanzas del Estado, Ricardo Salinas M\u00e9ndez, para dar seguimiento a&#8230;<\/p>\n","protected":false},"author":2,"featured_media":1253278,"comment_status":"closed","ping_status":"closed","sticky":false,"template":"","format":"standard","meta":{"footnotes":""},"categories":[1983,18561],"tags":[3250,8251,16666],"class_list":["post-1253276","post","type-post","status-publish","format-standard","has-post-thumbnail","hentry","category-guerrerogob","category-society-politics","tag-adela-hernandez-angelito","tag-evelyn-salgado-pineda","tag-sindicato-unico-de-servidores-publicos-del-estado-de-guerrero-suspeg"],"_links":{"self":[{"href":"https:\/\/www.acapulcopress.com\/index.php\/wp-json\/wp\/v2\/posts\/1253276","targetHints":{"allow":["GET"]}}],"collection":[{"href":"https:\/\/www.acapulcopress.com\/index.php\/wp-json\/wp\/v2\/posts"}],"about":[{"href":"https:\/\/www.acapulcopress.com\/index.php\/wp-json\/wp\/v2\/types\/post"}],"author":[{"embeddable":true,"href":"https:\/\/www.acapulcopress.com\/index.php\/wp-json\/wp\/v2\/users\/2"}],"replies":[{"embeddable":true,"href":"https:\/\/www.acapulcopress.com\/index.php\/wp-json\/wp\/v2\/comments?post=1253276"}],"version-history":[{"count":0,"href":"https:\/\/www.acapulcopress.com\/index.php\/wp-json\/wp\/v2\/posts\/1253276\/revisions"}],"wp:featuredmedia":[{"embeddable":true,"href":"https:\/\/www.acapulcopress.com\/index.php\/wp-json\/"}],"wp:attachment":[{"href":"https:\/\/www.acapulcopress.com\/index.php\/wp-json\/wp\/v2\/media?parent=1253276"}],"wp:term":[{"taxonomy":"category","embeddable":true,"href":"https:\/\/www.acapulcopress.com\/index.php\/wp-json\/wp\/v2\/categories?post=1253276"},{"taxonomy":"post_tag","embeddable":true,"href":"https:\/\/www.acapulcopress.com\/index.php\/wp-json\/wp\/v2\/tags?post=1253276"}],"curies":[{"name":"wp","href":"https:\/\/api.w.org\/{rel}","templated":true}]}}