{"id":1253280,"date":"2023-05-03T21:07:37","date_gmt":"2023-05-04T02:07:37","guid":{"rendered":"https:\/\/www.acapulcopress.com\/?p=1253280"},"modified":"2023-05-03T21:07:37","modified_gmt":"2023-05-04T02:07:37","slug":"reconoce-rene-posselt-importante-labor-de-los-periodistas","status":"publish","type":"post","link":"https:\/\/www.acapulcopress.com\/index.php\/2023\/05\/03\/reconoce-rene-posselt-importante-labor-de-los-periodistas\/","title":{"rendered":"Reconoce Ren\u00e9 Posselt importante labor de los periodistas"},"content":{"rendered":"<p style=\"text-align: justify;\">ACAPULCO * 3 de mayo de 2023.<br \/>\n<em>) Gobierno de Guerrero<\/em><br \/>\nAl participar como invitado al Primer Foro Nacional Period\u00edstico denominado \u201cSeguridad, Garant\u00edas y FAP: Libertad de Prensa en Guerrero\u201d, el director de Comunicaci\u00f3n Social del <img loading=\"lazy\" decoding=\"async\" class=\"alignleft size-medium wp-image-1253290\" src=\"https:\/\/www.acapulcopress.com\/wp-content\/uploads\/2023\/05\/posselt4-375x250.jpg\" alt=\"\" width=\"375\" height=\"250\" \/>Gobierno del Estado, <a href=\"https:\/\/www.facebook.com\/profile.php?id=100064099782284\" target=\"_blank\" rel=\"noopener\">Ren\u00e9 Posselt Aguirre<\/a>, reconoci\u00f3 la importante labor que realizan los periodistas para mantener a la sociedad informada de manera profesional, veraz, oportuna y objetiva a la altura de los tiempos.<\/p>\n<p style=\"text-align: justify;\">En el evento realizado en las instalaciones de la Universidad Espa\u00f1ol, el responsable de Comunicaci\u00f3n Social destac\u00f3 la pol\u00edtica impulsada por la gobernadora Evelyn Salgado de respetar la libre manifestaci\u00f3n de los medios de comunicaci\u00f3n y promover las condiciones necesarias para la consolidaci\u00f3n de la labor period\u00edstica.<\/p>\n<p style=\"text-align: justify;\">\u201cDesde un inicio la gobernadora nos dict\u00f3 una pol\u00edtica en cuanto a la comunicaci\u00f3n, de apertura, de escuchar; de poder tener un acercamiento constante con los compa\u00f1eros de <img loading=\"lazy\" decoding=\"async\" class=\"alignleft size-medium wp-image-1253284\" src=\"https:\/\/www.acapulcopress.com\/wp-content\/uploads\/2023\/05\/posselt3-375x250.jpg\" alt=\"\" width=\"375\" height=\"250\" \/>los medios de comunicaci\u00f3n, con las diversas plataformas que integran cada uno de los programas noticiosos, para poder ser coadyuvantes en el sentido de proporcionar informaci\u00f3n, de poder darles a ustedes las herramientas que se necesitan para hacer su labor period\u00edstica d\u00eda a d\u00eda\u201d, dijo.<\/p>\n<p style=\"text-align: justify;\">Posselt Aguirre conden\u00f3 cualquier confrontaci\u00f3n o situaci\u00f3n que ponga en peligro la integridad de los comunicadores, por lo que se solidariz\u00f3 con el periodista de Acapulco C\u00e9sar De Labra. En este sentido dijo que la cr\u00edtica period\u00edstica tiene que ser bien recibida, para mejorar y sobre todo, para reflexionar.<\/p>\n<p style=\"text-align: justify;\">En este Primer Foro Nacional Period\u00edstico Seguridad, Garant\u00edas y FAP: Libertad de Prensa en Guerrero, participaron como ponentes Igor Petit, de <em>Controversias<\/em>; Enrique Villag\u00f3mez, <img loading=\"lazy\" decoding=\"async\" class=\"alignleft size-medium wp-image-1253288\" src=\"https:\/\/www.acapulcopress.com\/wp-content\/uploads\/2023\/05\/posselt7-375x250.jpg\" alt=\"\" width=\"375\" height=\"250\" \/>de <em>Digital Guerrero<\/em>; Karla Ben\u00edtez, de <em>N3 Guerrero;<\/em> Alberto Sol\u00eds Loeza, de <em>La Palabra<\/em>; Enrique Guzm\u00e1n, de <em>Al Momento<\/em>; <em>Alberto Rodr\u00edguez Guzm\u00e1n<\/em>, de <em>El Siglo de Guerrero<\/em>; Ignacio Men\u00e9ses, de<em> N3 Guerrero<\/em>; Ernesto Caballero, de <em>\u00daltima Hora de Guerrero<\/em>; Patricia Calvillo, de<em> El Sol de San Luis Potos\u00ed<\/em>; Julio Zen\u00f3n Flores, de <em>Trasfondo Informativo<\/em>; Federico La Mont, de la Voz de la Frontera y el docente y estratega pol\u00edtico, Ricardo Rojo.<\/p>\n<p style=\"text-align: justify;\">Enseguida el titular de Comunicaci\u00f3n Social en el estado hizo entrega de reconocimientos a los ponentes, por su destacada participaci\u00f3n\u00a0en\u00a0este\u00a0evento.<\/p>\n<p><img loading=\"lazy\" decoding=\"async\" class=\"alignnone wp-image-1253282 size-large\" src=\"https:\/\/www.acapulcopress.com\/wp-content\/uploads\/2023\/05\/posselt-840x560.jpg\" alt=\"\" width=\"696\" height=\"464\" \/><\/p>\n<p style=\"text-align: justify;\"><em>) S\u00edguenos en nuestra p\u00e1gina Facebook.com\/<a href=\"https:\/\/www.facebook.com\/acapulcopress.news\/\" target=\"_blank\" rel=\"noopener\">acapulcopress.news<\/a><\/em><\/p>\n","protected":false},"excerpt":{"rendered":"<p>ACAPULCO * 3 de mayo de 2023. ) Gobierno de Guerrero Al participar como invitado al Primer Foro Nacional Period\u00edstico denominado \u201cSeguridad, Garant\u00edas y FAP: Libertad de Prensa en Guerrero\u201d, el director de Comunicaci\u00f3n Social del Gobierno del Estado, Ren\u00e9 Posselt Aguirre, reconoci\u00f3 la importante labor que realizan los periodistas para mantener a la sociedad&#8230;<\/p>\n","protected":false},"author":2,"featured_media":1253283,"comment_status":"closed","ping_status":"closed","sticky":false,"template":"","format":"standard","meta":{"footnotes":""},"categories":[1972,1983,18561],"tags":[2503,8760,15481],"class_list":["post-1253280","post","type-post","status-publish","format-standard","has-post-thumbnail","hentry","category-special","category-guerrerogob","category-society-politics","tag-seguridad-garantias-y-fap-libertad-de-prensa-en-guerrero","tag-fondo-de-apoyo-a-periodistas-fap","tag-rene-posselt-aguirre"],"_links":{"self":[{"href":"https:\/\/www.acapulcopress.com\/index.php\/wp-json\/wp\/v2\/posts\/1253280","targetHints":{"allow":["GET"]}}],"collection":[{"href":"https:\/\/www.acapulcopress.com\/index.php\/wp-json\/wp\/v2\/posts"}],"about":[{"href":"https:\/\/www.acapulcopress.com\/index.php\/wp-json\/wp\/v2\/types\/post"}],"author":[{"embeddable":true,"href":"https:\/\/www.acapulcopress.com\/index.php\/wp-json\/wp\/v2\/users\/2"}],"replies":[{"embeddable":true,"href":"https:\/\/www.acapulcopress.com\/index.php\/wp-json\/wp\/v2\/comments?post=1253280"}],"version-history":[{"count":0,"href":"https:\/\/www.acapulcopress.com\/index.php\/wp-json\/wp\/v2\/posts\/1253280\/revisions"}],"wp:featuredmedia":[{"embeddable":true,"href":"https:\/\/www.acapulcopress.com\/index.php\/wp-json\/"}],"wp:attachment":[{"href":"https:\/\/www.acapulcopress.com\/index.php\/wp-json\/wp\/v2\/media?parent=1253280"}],"wp:term":[{"taxonomy":"category","embeddable":true,"href":"https:\/\/www.acapulcopress.com\/index.php\/wp-json\/wp\/v2\/categories?post=1253280"},{"taxonomy":"post_tag","embeddable":true,"href":"https:\/\/www.acapulcopress.com\/index.php\/wp-json\/wp\/v2\/tags?post=1253280"}],"curies":[{"name":"wp","href":"https:\/\/api.w.org\/{rel}","templated":true}]}}