{"id":1253293,"date":"2023-05-03T21:26:57","date_gmt":"2023-05-04T02:26:57","guid":{"rendered":"https:\/\/www.acapulcopress.com\/?p=1253293"},"modified":"2023-05-03T21:26:57","modified_gmt":"2023-05-04T02:26:57","slug":"conmemoro-evelyn-salgado-dia-de-la-santa-cruz-con-vecinos-de-chilpancingo","status":"publish","type":"post","link":"https:\/\/www.acapulcopress.com\/index.php\/2023\/05\/03\/conmemoro-evelyn-salgado-dia-de-la-santa-cruz-con-vecinos-de-chilpancingo\/","title":{"rendered":"Conmemor\u00f3 Evelyn Salgado \u00abD\u00eda de la Santa Cruz\u00bb con vecinos de Chilpancingo"},"content":{"rendered":"<p style=\"text-align: justify;\">CHILPANCINGO * 3 de mayo de 2023.<br \/>\n) Gobierno de Guerrero<br \/>\n<img loading=\"lazy\" decoding=\"async\" class=\"alignleft size-medium wp-image-1253299\" src=\"https:\/\/www.acapulcopress.com\/wp-content\/uploads\/2023\/05\/esp.cruz6_-375x260.jpg\" alt=\"\" width=\"375\" height=\"260\" \/>Con el llamado a trabajar juntos en armon\u00eda por la paz de Guerrero, la gobernadora <a href=\"https:\/\/www.facebook.com\/EvelynSalgadoP\" target=\"_blank\" rel=\"noopener\">Evelyn Salgado Pineda<\/a> asisti\u00f3 a la celebraci\u00f3n patronal en honor a la Santa Cruz, en el Barrio del mismo nombre en la capital del estado, donde particip\u00f3 de la eucarist\u00eda y convivi\u00f3 con feligreses cat\u00f3licos para conmemorar el m\u00e1ximo s\u00edmbolo del cristianismo.<\/p>\n<p style=\"text-align: justify;\">Como cada a\u00f1o, la mandataria estatal degust\u00f3 del pan y el caf\u00e9, as\u00ed como el tradicional pozole chilpancingue\u00f1o con los vecinos del Barrio de Santa Cruz, como parte de esta festividad armoniosa, luego de una misa ofrecida por los tres poderes del estado de Guerrero.<\/p>\n<p style=\"text-align: justify;\">La gobernadora Evelyn Salgado agradeci\u00f3 la invitaci\u00f3n a este encuentro del p\u00e1rroco <img loading=\"lazy\" decoding=\"async\" class=\"alignleft size-medium wp-image-1253303\" src=\"https:\/\/www.acapulcopress.com\/wp-content\/uploads\/2023\/05\/esp.cruz10-375x250.jpg\" alt=\"\" width=\"375\" height=\"250\" \/>Gamaliel Villalobos Medina y el vicario Lucio Casiano, as\u00ed como de la presidenta del Barrio de Santa Cruz, Martha Alicia Bello y los vecinos que a\u00f1o tras a\u00f1o hacen prevalecer las tradiciones.<\/p>\n<p style=\"text-align: justify;\">En este evento asistieron la alcaldesa de Chilpancingo, <a href=\"https:\/\/www.facebook.com\/NormaOtiliaHernandez\" target=\"_blank\" rel=\"noopener\">Norma Otilia Hern\u00e1ndez Mart\u00ednez<\/a>; el presidente del Tribunal Superior de Justicia, Raymundo Casarrubias V\u00e1zquez y la representante del poder Legislativo, Jessica Alejo Rayo, junto con presb\u00edteros de diversas parroquias de los Barrios tradicionales de\u00a0Chilpancingo.<\/p>\n<p><img loading=\"lazy\" decoding=\"async\" class=\"alignnone wp-image-1253300 size-large\" src=\"https:\/\/www.acapulcopress.com\/wp-content\/uploads\/2023\/05\/esp.cruz7_-840x462.jpg\" alt=\"\" width=\"696\" height=\"383\" \/><\/p>\n<p style=\"text-align: justify;\"><em>) S\u00edguenos en nuestra p\u00e1gina Facebook.com\/<a href=\"https:\/\/www.facebook.com\/acapulcopress.news\/\" target=\"_blank\" rel=\"noopener\">acapulcopress.news<\/a><\/em><\/p>\n","protected":false},"excerpt":{"rendered":"<p>CHILPANCINGO * 3 de mayo de 2023. ) Gobierno de Guerrero Con el llamado a trabajar juntos en armon\u00eda por la paz de Guerrero, la gobernadora Evelyn Salgado Pineda asisti\u00f3 a la celebraci\u00f3n patronal en honor a la Santa Cruz, en el Barrio del mismo nombre en la capital del estado, donde particip\u00f3 de la&#8230;<\/p>\n","protected":false},"author":2,"featured_media":1253296,"comment_status":"closed","ping_status":"closed","sticky":false,"template":"","format":"standard","meta":{"footnotes":""},"categories":[1983,18561],"tags":[7178,8251,13744],"class_list":["post-1253293","post","type-post","status-publish","format-standard","has-post-thumbnail","hentry","category-guerrerogob","category-society-politics","tag-dia-de-la-santa-cruz","tag-evelyn-salgado-pineda","tag-norma-otilia-hernandez-martinez"],"_links":{"self":[{"href":"https:\/\/www.acapulcopress.com\/index.php\/wp-json\/wp\/v2\/posts\/1253293","targetHints":{"allow":["GET"]}}],"collection":[{"href":"https:\/\/www.acapulcopress.com\/index.php\/wp-json\/wp\/v2\/posts"}],"about":[{"href":"https:\/\/www.acapulcopress.com\/index.php\/wp-json\/wp\/v2\/types\/post"}],"author":[{"embeddable":true,"href":"https:\/\/www.acapulcopress.com\/index.php\/wp-json\/wp\/v2\/users\/2"}],"replies":[{"embeddable":true,"href":"https:\/\/www.acapulcopress.com\/index.php\/wp-json\/wp\/v2\/comments?post=1253293"}],"version-history":[{"count":0,"href":"https:\/\/www.acapulcopress.com\/index.php\/wp-json\/wp\/v2\/posts\/1253293\/revisions"}],"wp:featuredmedia":[{"embeddable":true,"href":"https:\/\/www.acapulcopress.com\/index.php\/wp-json\/"}],"wp:attachment":[{"href":"https:\/\/www.acapulcopress.com\/index.php\/wp-json\/wp\/v2\/media?parent=1253293"}],"wp:term":[{"taxonomy":"category","embeddable":true,"href":"https:\/\/www.acapulcopress.com\/index.php\/wp-json\/wp\/v2\/categories?post=1253293"},{"taxonomy":"post_tag","embeddable":true,"href":"https:\/\/www.acapulcopress.com\/index.php\/wp-json\/wp\/v2\/tags?post=1253293"}],"curies":[{"name":"wp","href":"https:\/\/api.w.org\/{rel}","templated":true}]}}