{"id":1253306,"date":"2023-05-03T21:37:18","date_gmt":"2023-05-04T02:37:18","guid":{"rendered":"https:\/\/www.acapulcopress.com\/?p=1253306"},"modified":"2023-05-03T21:37:18","modified_gmt":"2023-05-04T02:37:18","slug":"quiero-ser-youtuber-cierra-ciclo-de-actividades-por-el-mes-del-nino-en-congresogro","status":"publish","type":"post","link":"https:\/\/www.acapulcopress.com\/index.php\/2023\/05\/03\/quiero-ser-youtuber-cierra-ciclo-de-actividades-por-el-mes-del-nino-en-congresogro\/","title":{"rendered":"\u201cQuiero ser youtuber\u00bb cierra ciclo de actividades por el mes del ni\u00f1o en #CongresoGro"},"content":{"rendered":"<p style=\"text-align: justify;\">CHILPANCINGO * 3 de mayo de 2023.<br \/>\n<em>) Congreso de Guerrero<\/em><br \/>\nCon el curso \u201cQuiero ser y<em>outuber<\/em>. T\u00e9cnicas para el desarrollo de habilidades de <img loading=\"lazy\" decoding=\"async\" class=\"alignleft size-medium wp-image-1253268\" src=\"https:\/\/www.acapulcopress.com\/wp-content\/uploads\/2023\/05\/CURSO-YOUTUBER4-375x211.jpeg\" alt=\"\" width=\"375\" height=\"211\" \/>comunicaci\u00f3n para ni\u00f1as y ni\u00f1os\u201d, el Congreso del Estado culmin\u00f3 este mi\u00e9rcoles las actividades con motivo del <em>Mes de la Ni\u00f1a y del Ni\u00f1o<\/em>.<\/p>\n<p style=\"text-align: justify;\">En el evento, las diputadas Beatriz Mojica Morga y Nora Yanek Vel\u00e1zquez Mart\u00ednez, presidenta y vocal de la Comisi\u00f3n de los Derechos de las Ni\u00f1as, Ni\u00f1os y Adolescentes, resaltaron la importancia de realizar eventos enfocados a que la ni\u00f1ez guerrerense conozca con mayor amplitud sus derechos, y reiteraron el compromiso del Poder Legislativo de continuar trabajando en el perfeccionamiento del marco legal en favor de la ni\u00f1ez guerrerense.<\/p>\n<p><img loading=\"lazy\" decoding=\"async\" class=\"alignnone wp-image-1253265 size-large\" src=\"https:\/\/www.acapulcopress.com\/wp-content\/uploads\/2023\/05\/CURSO-YOUTUBER-840x472.jpeg\" alt=\"\" width=\"696\" height=\"391\" \/><\/p>\n<p style=\"text-align: justify;\"><em>) S\u00edguenos en nuestra p\u00e1gina Facebook.com\/<a href=\"https:\/\/www.facebook.com\/acapulcopress.news\/\" target=\"_blank\" rel=\"noopener\">acapulcopress.news<\/a><\/em><\/p>\n","protected":false},"excerpt":{"rendered":"<p>CHILPANCINGO * 3 de mayo de 2023. ) Congreso de Guerrero Con el curso \u201cQuiero ser youtuber. T\u00e9cnicas para el desarrollo de habilidades de comunicaci\u00f3n para ni\u00f1as y ni\u00f1os\u201d, el Congreso del Estado culmin\u00f3 este mi\u00e9rcoles las actividades con motivo del Mes de la Ni\u00f1a y del Ni\u00f1o. En el evento, las diputadas Beatriz Mojica&#8230;<\/p>\n","protected":false},"author":2,"featured_media":1253267,"comment_status":"closed","ping_status":"closed","sticky":false,"template":"","format":"standard","meta":{"footnotes":""},"categories":[61,18561],"tags":[6370,15181],"class_list":["post-1253306","post","type-post","status-publish","format-standard","has-post-thumbnail","hentry","category-legislacion","category-society-politics","tag-congreso-de-guerrero","tag-quiero-ser-youtuber"],"_links":{"self":[{"href":"https:\/\/www.acapulcopress.com\/index.php\/wp-json\/wp\/v2\/posts\/1253306","targetHints":{"allow":["GET"]}}],"collection":[{"href":"https:\/\/www.acapulcopress.com\/index.php\/wp-json\/wp\/v2\/posts"}],"about":[{"href":"https:\/\/www.acapulcopress.com\/index.php\/wp-json\/wp\/v2\/types\/post"}],"author":[{"embeddable":true,"href":"https:\/\/www.acapulcopress.com\/index.php\/wp-json\/wp\/v2\/users\/2"}],"replies":[{"embeddable":true,"href":"https:\/\/www.acapulcopress.com\/index.php\/wp-json\/wp\/v2\/comments?post=1253306"}],"version-history":[{"count":0,"href":"https:\/\/www.acapulcopress.com\/index.php\/wp-json\/wp\/v2\/posts\/1253306\/revisions"}],"wp:featuredmedia":[{"embeddable":true,"href":"https:\/\/www.acapulcopress.com\/index.php\/wp-json\/"}],"wp:attachment":[{"href":"https:\/\/www.acapulcopress.com\/index.php\/wp-json\/wp\/v2\/media?parent=1253306"}],"wp:term":[{"taxonomy":"category","embeddable":true,"href":"https:\/\/www.acapulcopress.com\/index.php\/wp-json\/wp\/v2\/categories?post=1253306"},{"taxonomy":"post_tag","embeddable":true,"href":"https:\/\/www.acapulcopress.com\/index.php\/wp-json\/wp\/v2\/tags?post=1253306"}],"curies":[{"name":"wp","href":"https:\/\/api.w.org\/{rel}","templated":true}]}}