{"id":1253308,"date":"2023-05-03T22:07:43","date_gmt":"2023-05-04T03:07:43","guid":{"rendered":"https:\/\/www.acapulcopress.com\/?p=1253308"},"modified":"2023-05-03T22:07:43","modified_gmt":"2023-05-04T03:07:43","slug":"descubren-casa-gris-de-ramoncito-en-mexico","status":"publish","type":"post","link":"https:\/\/www.acapulcopress.com\/index.php\/2023\/05\/03\/descubren-casa-gris-de-ramoncito-en-mexico\/","title":{"rendered":"Descubren &#8216;casa gris&#8217; de Ramoncito en M\u00e9xico"},"content":{"rendered":"<p style=\"text-align: justify;\">CIUDAD DE M\u00c9XICO * 3 de mayo de 2023.<br \/>\n<em>) <a href=\"https:\/\/www.proceso.com.mx\/nacional\/2023\/5\/3\/jose-ramon-lopez-beltran-tiene-su-casa-en-propiedad-de-una-directiva-de-la-jornada-mcci-306417.html\" target=\"_blank\" rel=\"noopener\">Apro<\/a><\/em><br \/>\n<a href=\"https:\/\/www.facebook.com\/MXvsCORRUPCION\/\" target=\"_blank\" rel=\"noopener\">Mexicanos Contra la Corrupci\u00f3n y la Impunidad<\/a> (MCCI) asegur\u00f3 que Jos\u00e9 Ram\u00f3n L\u00f3pez Beltr\u00e1n, hijo del presidente <a href=\"https:\/\/www.facebook.com\/lopezobrador.org.mx\" target=\"_blank\" rel=\"noopener\">Andr\u00e9s Manuel L\u00f3pez Obrador<\/a>, tiene como su residencia particular una casa en Coyoac\u00e1n que es propiedad de Guillermina \u00c1lvarez, asistente personal de la directora del peri\u00f3dico <em><a href=\"https:\/\/www.facebook.com\/lajornadaonline\" target=\"_blank\" rel=\"noopener\">La Jornada<\/a>,<\/em> Carmen Lira.<\/p>\n<p style=\"text-align: justify;\">\u201cLa historia de la \u2018Casa Gris\u2019 se repite, pero ahora en M\u00e9xico\u201d, se\u00f1al\u00f3 la organizaci\u00f3n fundada por el empresario Claudio X. Gonz\u00e1lez en su cuenta de Twitter, en la que dio a conocer el reportaje publicado en su p\u00e1gina web.<\/p>\n<p style=\"text-align: justify;\">De acuerdo con MCCI, documentos de la Secretar\u00eda de la Defensa Nacional (Sedena) evidencian que Jos\u00e9 Ram\u00f3n ha tenido como su domicilio particular en M\u00e9xico una casa que es propiedad de la asistente de la directora de La Jornada, \u201cel peri\u00f3dico que ha recibido el mayor monto de contratos de publicidad oficial en este sexenio\u201d.<\/p>\n<p style=\"text-align: justify;\">Los documentos de la Sedena que fueron hackeados por el colectivo Guacamaya reportan que Jos\u00e9 Ram\u00f3n y su esposa Carolyn Adams han tenido su domicilio en la colonia Copilco Universidad, dice el texto publicado en el portal de MCCI.<\/p>\n<p style=\"text-align: justify;\">\u201cMCCI corrobor\u00f3 que la escritura p\u00fablica de esa casa est\u00e1 a nombre de Guillermina Aurea \u00c1lvarez Cadena, quien en el directorio de La Jornada aparece como asistente de la directora general de ese peri\u00f3dico, Carmen Lira Saade, con quien AMLO tiene un v\u00ednculo de compadrazgo\u201d, asegur\u00f3 Mexicanos contra la Corrupci\u00f3n y la Impunidad.<\/p>\n<p style=\"text-align: justify;\">\u201cLos archivos hackeados de la SEDENA revelan que, entre el 8 y el 22 de febrero de 2021, Jos\u00e9 Ram\u00f3n L\u00f3pez Beltr\u00e1n, su esposa Carolyn Adams Solano, y uno de sus hijos recib\u00edan cuidados m\u00e9dicos en el domicilio en Coyoac\u00e1n luego de contraer covid\u201d, detall\u00f3 la organizaci\u00f3n en el hilo de Twitter.<\/p>\n<p style=\"text-align: justify;\">\u201cEn los reportes de la SEDENA se menciona que Jos\u00e9 Ram\u00f3n y su familia recibieron el tratamiento en una casa ubicada en la colonia Copilco Universidad. Lo que no se hab\u00eda revelado, hasta ahora, es a qui\u00e9n pertenece esa vivienda. MCCI obtuvo copia de la escritura y confirm\u00f3 que el inmueble es propiedad de la asistente de la directora de La Jornada\u201d, se\u00f1ala el texto de Mexicanos contra la Corrupci\u00f3n y la Impunidad.<\/p>\n<p style=\"text-align: justify;\">En su hilo de Twitter, MCCI publica un video del 22 de marzo en el que periodistas de esa organizaci\u00f3n intentan entrevistar a Jos\u00e9 Ram\u00f3n L\u00f3pez Beltr\u00e1n, quien se niega a responderles. \u201cEst\u00e1n en mi casa, \u00bfse pueden ir por favor?\u201d, les respondi\u00f3.<\/p>\n<div style=\"width: 1160px;\" class=\"wp-video\"><video class=\"wp-video-shortcode\" id=\"video-1253308-1\" width=\"1160\" height=\"653\" preload=\"metadata\" controls=\"controls\"><source type=\"video\/mp4\" src=\"https:\/\/www.acapulcopress.com\/wp-content\/uploads\/2023\/05\/CASITA-GRIS-MEXICO.mp4?_=1\" \/><a href=\"https:\/\/www.acapulcopress.com\/wp-content\/uploads\/2023\/05\/CASITA-GRIS-MEXICO.mp4\">https:\/\/www.acapulcopress.com\/wp-content\/uploads\/2023\/05\/CASITA-GRIS-MEXICO.mp4<\/a><\/video><\/div>\n<p style=\"text-align: justify;\"><em>) S\u00edguenos en nuestra p\u00e1gina Facebook.com\/<a href=\"https:\/\/www.facebook.com\/acapulcopress.news\/\" target=\"_blank\" rel=\"noopener\">acapulcopress.news<\/a><\/em><\/p>\n","protected":false},"excerpt":{"rendered":"<p>CIUDAD DE M\u00c9XICO * 3 de mayo de 2023. ) Apro Mexicanos Contra la Corrupci\u00f3n y la Impunidad (MCCI) asegur\u00f3 que Jos\u00e9 Ram\u00f3n L\u00f3pez Beltr\u00e1n, hijo del presidente Andr\u00e9s Manuel L\u00f3pez Obrador, tiene como su residencia particular una casa en Coyoac\u00e1n que es propiedad de Guillermina \u00c1lvarez, asistente personal de la directora del peri\u00f3dico La&#8230;<\/p>\n","protected":false},"author":2,"featured_media":1253309,"comment_status":"closed","ping_status":"closed","sticky":false,"template":"","format":"standard","meta":{"footnotes":""},"categories":[1997],"tags":[2143,3896,5253,11112,11568,13008],"class_list":["post-1253308","post","type-post","status-publish","format-standard","has-post-thumbnail","hentry","category-noticias-destacadas","tag-casa-gris-de-ramon-lopez-en-cdmx","tag-andres-manuel-lopez-obrador","tag-carmen-lira","tag-jose-ramon-lopez-beltran","tag-la-jornada","tag-mexicanos-contra-la-corrupcion-y-la-impunidad-mcci"],"_links":{"self":[{"href":"https:\/\/www.acapulcopress.com\/index.php\/wp-json\/wp\/v2\/posts\/1253308","targetHints":{"allow":["GET"]}}],"collection":[{"href":"https:\/\/www.acapulcopress.com\/index.php\/wp-json\/wp\/v2\/posts"}],"about":[{"href":"https:\/\/www.acapulcopress.com\/index.php\/wp-json\/wp\/v2\/types\/post"}],"author":[{"embeddable":true,"href":"https:\/\/www.acapulcopress.com\/index.php\/wp-json\/wp\/v2\/users\/2"}],"replies":[{"embeddable":true,"href":"https:\/\/www.acapulcopress.com\/index.php\/wp-json\/wp\/v2\/comments?post=1253308"}],"version-history":[{"count":0,"href":"https:\/\/www.acapulcopress.com\/index.php\/wp-json\/wp\/v2\/posts\/1253308\/revisions"}],"wp:featuredmedia":[{"embeddable":true,"href":"https:\/\/www.acapulcopress.com\/index.php\/wp-json\/"}],"wp:attachment":[{"href":"https:\/\/www.acapulcopress.com\/index.php\/wp-json\/wp\/v2\/media?parent=1253308"}],"wp:term":[{"taxonomy":"category","embeddable":true,"href":"https:\/\/www.acapulcopress.com\/index.php\/wp-json\/wp\/v2\/categories?post=1253308"},{"taxonomy":"post_tag","embeddable":true,"href":"https:\/\/www.acapulcopress.com\/index.php\/wp-json\/wp\/v2\/tags?post=1253308"}],"curies":[{"name":"wp","href":"https:\/\/api.w.org\/{rel}","templated":true}]}}