{"id":1253313,"date":"2023-05-04T19:38:50","date_gmt":"2023-05-05T00:38:50","guid":{"rendered":"https:\/\/www.acapulcopress.com\/?p=1253313"},"modified":"2023-05-04T19:38:50","modified_gmt":"2023-05-05T00:38:50","slug":"acuerdo-transitorio-para-la-gobernabilidad-de-tierra-caliente","status":"publish","type":"post","link":"https:\/\/www.acapulcopress.com\/index.php\/2023\/05\/04\/acuerdo-transitorio-para-la-gobernabilidad-de-tierra-caliente\/","title":{"rendered":"Acuerdo Transitorio para la gobernabilidad de Tierra Caliente"},"content":{"rendered":"<p style=\"text-align: justify;\">Marem\u00e1gnum<br \/>\n\u00bb <strong>RICARDO<\/strong> | <strong>CASTILLO BARRIENTOS<\/strong><br \/>\n<em>) Facebook: @<a href=\"https:\/\/www.facebook.com\/ricardocastill01\" target=\"_blank\" rel=\"noopener\">Ricardo Castillo Barrientos<\/a><\/em><\/p>\n<p style=\"text-align: justify;\">En la Tierra Caliente las aguas volvieron a su nivel, en realidad o en apariencia, las cosas se calmaron para regresar a la cr\u00edtica normalidad que se vive en esa regi\u00f3n desde hace m\u00e1s de una d\u00e9cada, cuando sentaron sus reales \u201cLos Tequileros\u201d, en punto de extinci\u00f3n y \u00abLa Familia Michoacana\u201d; colindantes con \u201cLos Tlacos\u201d y \u201cGuerreros Unidos\u201d, en la regi\u00f3n Norte.<\/p>\n<p style=\"text-align: justify;\">Despu\u00e9s de tres complejos y dif\u00edciles d\u00edas, nuestros paisanos calentanos recobraron la tranquilidad que muy pocas veces gozan, por que viven en constante zozobra frente a la amenaza latente de resultar v\u00edctimas de grupos criminales o cacicazgos de la regi\u00f3n, vi\u00e9ndose en la necesidad en ocasiones, huir de sus pueblos o ser desplazados a otros territorios de la entidad.<\/p>\n<p style=\"text-align: justify;\">La gobernadora <a href=\"https:\/\/www.facebook.com\/EvelynSalgadoP\" target=\"_blank\" rel=\"noopener\">Evelyn Salgado Pineda<\/a> interpuso sus mejores oficios para convencer a los <img loading=\"lazy\" decoding=\"async\" class=\"alignleft size-medium wp-image-1253319\" src=\"https:\/\/www.acapulcopress.com\/wp-content\/uploads\/2023\/05\/evelyn-salgado-375x562.jpg\" alt=\"\" width=\"375\" height=\"562\" \/>alcaldes, que el dialogo y la coordinaci\u00f3n interinstitucional son el camino m\u00e1s id\u00f3neo para alcanzar la paz y tranquilidad en la regi\u00f3n, a efecto de desarrollar las actividades productivas, que se vieron afectadas durante los bloqueos carreteros que imped\u00edan el libre tr\u00e1nsito de personas y mercanc\u00edas, por esas v\u00edas de comunicaci\u00f3n.<\/p>\n<p style=\"text-align: justify;\">Las manifestaciones de apoyo no se hicieron esperar a favor de la mandataria estatal, que reaccion\u00f3 favorablemente para dar una soluci\u00f3n transitoria al grav\u00edsimo problema generado intempestivamente, por la Fiscal\u00eda General del Estado, respaldados por fuerzas militares, a causa del fuerte operativo implementado contra los l\u00edderes \u201cEl Pez\u201d y \u201cEl Fresa\u201d, principales l\u00edderes de la Familia Michoacana.<\/p>\n<p style=\"text-align: justify;\">La fracci\u00f3n parlamentaria de Morena en el Congreso del Estado, conden\u00f3 las acciones de ingobernabilidad promovida por los alcaldes, al tiempo de exhortarles que se conduzcan dentro del estado de derecho, a fin de generar condiciones de paz social en la poblaci\u00f3n.<\/p>\n<p style=\"text-align: justify;\">El acuerdo transitorio logrado por los tres niveles de gobierno, incluyendo a las fuerzas armadas, dan un respiro a la vida p\u00fablica para volver a la normalidad y reactivar las actividades econ\u00f3micas que se vieron entorpecidas y sobre todo, el temor e incertidumbre a que se someti\u00f3 a los pobladores, quienes siempre resultan los m\u00e1s afectados.<\/p>\n<p style=\"text-align: justify;\">Es deseable que en lo sucesivo se mantenga un dialogo intermitente y se vaya avanzando hasta lograr una soluci\u00f3n definitiva que erradique el problema, tan enraizado por toda la geograf\u00eda calentana.<\/p>\n<p style=\"text-align: justify;\"><strong>Marea Baja.-<\/strong> El bohemio de Acapulco, <a href=\"https:\/\/www.facebook.com\/baltazar.hidalgo.1\" target=\"_blank\" rel=\"noopener\">Baltazar Hidalgo<\/a>, ya tiene su propio canal de <img loading=\"lazy\" decoding=\"async\" class=\"alignleft size-medium wp-image-1253314\" src=\"https:\/\/www.acapulcopress.com\/wp-content\/uploads\/2023\/05\/BALTAZAR-HIDALGO-375x375.jpg\" alt=\"\" width=\"375\" height=\"375\" \/>YouTube, donde podr\u00e1n acompa\u00f1arlo en vivo, todos los mi\u00e9rcoles a las nueve de la noche, en su programa \u201cBohemia y Algo M\u00e1s\u201d, con la presentaci\u00f3n de destacados artistas invitados del \u00e1mbito local y estatal.<\/p>\n<p style=\"text-align: justify;\">El reconocido cantautor Baltazar Hidalgo, cuenta con una amplia trayectoria art\u00edstica, que ha merecido el amplio reconocimiento de un p\u00fablico que ha venido cultivando desde hace casi tres d\u00e9cadas, por sus magistrales interpretaciones y composiciones al ritmo de su \u00f3rgano mel\u00f3dico. No se lo deben perder cada mi\u00e9rcoles por la noche. Hay que apoyar e impulsar a nuestros valores guerrerenses.<\/p>\n<p style=\"text-align: justify;\"><strong>Marea Alta.-<\/strong> En cada temporada tur\u00edstica se vienen registrando verdaderas bataholas en las principales playas del puerto, entre prestadores de servicios tur\u00edsticos y visitantes, que protestan por las elevadas cuentas del consumo de alimentos y bebidas embriagantes, que ingirieron durante la estancia en sus playas favoritas.<\/p>\n<p style=\"text-align: justify;\">En el reciente puente se escenificaron violentos enfrentamientos por ese motivo en las playas de Icacos y Papagayo, brillando por su ausencia los elementos de la polic\u00eda tur\u00edstica y otras fuerzas de seguridad p\u00fablica, con saldo de varios lesionados a golpes, sillazos y botellazos, con el consabido p\u00e1nico que sufrieron las familias involucradas en tan lamentables sucesos.<\/p>\n<p style=\"text-align: justify;\">Las secretar\u00edas de Turismo, estatal y municipal, deben abocarse de inmediato para evitar se sigan presentando este tipo de hechos; orientando y capacitando a los prestadores de servicios en las playas, para que brinden un mejor servicio, porque de otra manera, se continuar\u00e1 denigrando a nuestro destino tur\u00edstico en los medios de comunicaci\u00f3n nacionales, que en nada nos beneficia y si nos perjudica mucho.<\/p>\n<p style=\"text-align: justify;\"><strong>Maremoto.-<\/strong> El panorama en la <a href=\"https:\/\/www.facebook.com\/UAGro.MX.Oficial\" target=\"_blank\" rel=\"noopener\">UAGro<\/a>, se est\u00e1 tornando m\u00e1s \u00e1lgido ante la proximidad del <img loading=\"lazy\" decoding=\"async\" class=\"alignleft size-medium wp-image-1253315\" src=\"https:\/\/www.acapulcopress.com\/wp-content\/uploads\/2023\/05\/JAVIER-SALDANA-375x500.jpg\" alt=\"\" width=\"375\" height=\"500\" \/>registro del candidato \u00fanico a la rector\u00eda, <a href=\"https:\/\/www.facebook.com\/JavSaldana\" target=\"_blank\" rel=\"noopener\">Javier Salda\u00f1a Almaz\u00e1n<\/a>, quien tiene el camino despejado para convertirse en rector por tercera ocasi\u00f3n y entronizarse en la administraci\u00f3n universitaria, a pesar del notable incremento de las voces disidentes que se oponen rotundamente a la consolidaci\u00f3n de un cacicazgo en la Alma Mater.<\/p>\n<p style=\"text-align: justify;\">En v\u00eda de mientras, las fuerzas afines a Salda\u00f1a, manifiestan su oposici\u00f3n contra los detractores del futuro rector, quienes est\u00e1n convocando a una manifestaci\u00f3n para el pr\u00f3ximo s\u00e1bado 6 de mayo, en repudio del inminente registro \u00fanico y que si no fuera as\u00ed, se podr\u00eda registrar a un candidato de paja, para aparentar un juego supuestamente democr\u00e1tico.<\/p>\n<p style=\"text-align: justify;\"><em>) S\u00edguenos en nuestra p\u00e1gina Facebook.com\/<a href=\"https:\/\/www.facebook.com\/acapulcopress.news\/\" target=\"_blank\" rel=\"noopener\">acapulcopress.news<\/a><\/em><\/p>\n","protected":false},"excerpt":{"rendered":"<p>Marem\u00e1gnum \u00bb RICARDO | CASTILLO BARRIENTOS ) Facebook: @Ricardo Castillo Barrientos En la Tierra Caliente las aguas volvieron a su nivel, en realidad o en apariencia, las cosas se calmaron para regresar a la cr\u00edtica normalidad que se vive en esa regi\u00f3n desde hace m\u00e1s de una d\u00e9cada, cuando sentaron sus reales \u201cLos Tequileros\u201d, en&#8230;<\/p>\n","protected":false},"author":2,"featured_media":1253320,"comment_status":"closed","ping_status":"closed","sticky":false,"template":"","format":"standard","meta":{"footnotes":""},"categories":[1972,2071,1991],"tags":[2380,2397,2460,4538,9574,10644,11547,12111,12503,15575],"class_list":["post-1253313","post","type-post","status-publish","format-standard","has-post-thumbnail","hentry","category-special","category-opinion-analisis-columnas","category-libertad-de-expresion","tag-el-fresa","tag-el-pez","tag-los-tlacos","tag-baltazar-hidalgo","tag-guerreros-unidos","tag-javier-saldana-almazan","tag-la-familia-michoacana","tag-los-tequileros","tag-maremagnum","tag-ricardo-castillo-barrientos"],"_links":{"self":[{"href":"https:\/\/www.acapulcopress.com\/index.php\/wp-json\/wp\/v2\/posts\/1253313","targetHints":{"allow":["GET"]}}],"collection":[{"href":"https:\/\/www.acapulcopress.com\/index.php\/wp-json\/wp\/v2\/posts"}],"about":[{"href":"https:\/\/www.acapulcopress.com\/index.php\/wp-json\/wp\/v2\/types\/post"}],"author":[{"embeddable":true,"href":"https:\/\/www.acapulcopress.com\/index.php\/wp-json\/wp\/v2\/users\/2"}],"replies":[{"embeddable":true,"href":"https:\/\/www.acapulcopress.com\/index.php\/wp-json\/wp\/v2\/comments?post=1253313"}],"version-history":[{"count":0,"href":"https:\/\/www.acapulcopress.com\/index.php\/wp-json\/wp\/v2\/posts\/1253313\/revisions"}],"wp:featuredmedia":[{"embeddable":true,"href":"https:\/\/www.acapulcopress.com\/index.php\/wp-json\/"}],"wp:attachment":[{"href":"https:\/\/www.acapulcopress.com\/index.php\/wp-json\/wp\/v2\/media?parent=1253313"}],"wp:term":[{"taxonomy":"category","embeddable":true,"href":"https:\/\/www.acapulcopress.com\/index.php\/wp-json\/wp\/v2\/categories?post=1253313"},{"taxonomy":"post_tag","embeddable":true,"href":"https:\/\/www.acapulcopress.com\/index.php\/wp-json\/wp\/v2\/tags?post=1253313"}],"curies":[{"name":"wp","href":"https:\/\/api.w.org\/{rel}","templated":true}]}}