{"id":1253328,"date":"2023-05-04T20:35:05","date_gmt":"2023-05-05T01:35:05","guid":{"rendered":"https:\/\/www.acapulcopress.com\/?p=1253328"},"modified":"2023-05-04T20:35:05","modified_gmt":"2023-05-05T01:35:05","slug":"proteccion-civil-emite-alerta-preventiva-por-mar-de-fondo-en-costas-del-pacifico","status":"publish","type":"post","link":"https:\/\/www.acapulcopress.com\/index.php\/2023\/05\/04\/proteccion-civil-emite-alerta-preventiva-por-mar-de-fondo-en-costas-del-pacifico\/","title":{"rendered":"Protecci\u00f3n Civil emite alerta preventiva por mar de fondo en costas del Pac\u00edfico"},"content":{"rendered":"<p style=\"text-align: justify;\">CHILPANCINGO * 4 de mayo de 2023.<br \/>\n<em>) Gobierno de Guerrero<\/em><br \/>\nLa Secretar\u00eda de Gesti\u00f3n Integral de Riesgos y Protecci\u00f3n Civil, emiti\u00f3 un aviso preventivo ante el pron\u00f3stico de un nuevo evento de mar de fondo, que afectar\u00e1 las costas del estado de Guerrero a partir de la noche de este d\u00eda jueves, con la manifestaci\u00f3n de oleaje de hasta <img loading=\"lazy\" decoding=\"async\" class=\"alignleft size-medium wp-image-1253329\" src=\"https:\/\/www.acapulcopress.com\/wp-content\/uploads\/2023\/05\/mar-de-fondo-gro-375x211.jpg\" alt=\"\" width=\"375\" height=\"211\" \/>2.1 metros de altura.<\/p>\n<p style=\"text-align: justify;\">La dependencia estatal recomienda a las autoridades de los municipios costeros, reforzar la vigilancia y las medidas de prevenci\u00f3n en zonas de playa, a fin de prevenir accidentes y salvaguardar la integridad f\u00edsica de residentes y visitantes.<\/p>\n<p style=\"text-align: justify;\">Este fen\u00f3meno mar\u00edtimo, tambi\u00e9n puede favorecer corrientes de arrastre, el incremento de marejadas y la reducci\u00f3n de la franja de arena, efectos que podr\u00edan disminuir paulatinamente en los pr\u00f3ximos d\u00edas.<\/p>\n<p style=\"text-align: justify;\">La Secretar\u00eda de Gesti\u00f3n Integral de Riesgos y Protecci\u00f3n Civil a trav\u00e9s del Centro de Monitoreo y An\u00e1lisis de Riesgos, vigila de forma permanente est\u00e1s condiciones mar\u00edtimas, a fin de emitir los avisos y alertamientos oportunos para la poblaci\u00f3n en general y las autoridades municipales, para evitar cualquier tipo de incidentes.<\/p>\n<p style=\"text-align: justify;\">La dependencia estatal, a trav\u00e9s del Centro de Monitoreo y An\u00e1lisis de Riesgos, vigila de forma permanente las condiciones mar\u00edtimas en el estado, a fin de emitir los avisos y alertamientos oportunos para la poblaci\u00f3n en general y las autoridades de los municipios costeros.<\/p>\n<p style=\"text-align: justify;\">Dentro de las recomendaciones principales para la poblaci\u00f3n en general, destaca no realizar deportes acu\u00e1ticos, no introducirse al mar, ni caminar sobre la franja de arena y atender las recomendaciones del personal salvavidas y de protecci\u00f3n civil.<\/p>\n<p style=\"text-align: justify;\">Al sector hotelero, restaurantero y de enramadas, se les sugiere colocar banderolas rojas en zona de playas, reforzar la presencia de personal salvavidas y prohibir que los ba\u00f1istas se metan al mar.<\/p>\n<p style=\"text-align: justify;\">Tambi\u00e9n retirar mobiliario, equipo, establecimientos semifijos, palapas y zonas de recreo de la franja de arena.<\/p>\n<p style=\"text-align: justify;\">A navegantes de embarcaciones menores, se les pide atender las indicaciones de Capitan\u00eda de Puerto y de las autoridades de\u00a0su\u00a0municipio.<\/p>\n<p style=\"text-align: justify;\"><em>) S\u00edguenos en nuestra p\u00e1gina Facebook.com\/<a href=\"https:\/\/www.facebook.com\/acapulcopress.news\/\" target=\"_blank\" rel=\"noopener\">acapulcopress.news<\/a><\/em><\/p>\n","protected":false},"excerpt":{"rendered":"<p>CHILPANCINGO * 4 de mayo de 2023. ) Gobierno de Guerrero La Secretar\u00eda de Gesti\u00f3n Integral de Riesgos y Protecci\u00f3n Civil, emiti\u00f3 un aviso preventivo ante el pron\u00f3stico de un nuevo evento de mar de fondo, que afectar\u00e1 las costas del estado de Guerrero a partir de la noche de este d\u00eda jueves, con la&#8230;<\/p>\n","protected":false},"author":2,"featured_media":1253330,"comment_status":"closed","ping_status":"closed","sticky":false,"template":"","format":"standard","meta":{"footnotes":""},"categories":[1969,1972,2005],"tags":[12405],"class_list":["post-1253328","post","type-post","status-publish","format-standard","has-post-thumbnail","hentry","category-trending","category-special","category-seguridad-y-justicia","tag-mar-de-fondo"],"_links":{"self":[{"href":"https:\/\/www.acapulcopress.com\/index.php\/wp-json\/wp\/v2\/posts\/1253328","targetHints":{"allow":["GET"]}}],"collection":[{"href":"https:\/\/www.acapulcopress.com\/index.php\/wp-json\/wp\/v2\/posts"}],"about":[{"href":"https:\/\/www.acapulcopress.com\/index.php\/wp-json\/wp\/v2\/types\/post"}],"author":[{"embeddable":true,"href":"https:\/\/www.acapulcopress.com\/index.php\/wp-json\/wp\/v2\/users\/2"}],"replies":[{"embeddable":true,"href":"https:\/\/www.acapulcopress.com\/index.php\/wp-json\/wp\/v2\/comments?post=1253328"}],"version-history":[{"count":0,"href":"https:\/\/www.acapulcopress.com\/index.php\/wp-json\/wp\/v2\/posts\/1253328\/revisions"}],"wp:featuredmedia":[{"embeddable":true,"href":"https:\/\/www.acapulcopress.com\/index.php\/wp-json\/"}],"wp:attachment":[{"href":"https:\/\/www.acapulcopress.com\/index.php\/wp-json\/wp\/v2\/media?parent=1253328"}],"wp:term":[{"taxonomy":"category","embeddable":true,"href":"https:\/\/www.acapulcopress.com\/index.php\/wp-json\/wp\/v2\/categories?post=1253328"},{"taxonomy":"post_tag","embeddable":true,"href":"https:\/\/www.acapulcopress.com\/index.php\/wp-json\/wp\/v2\/tags?post=1253328"}],"curies":[{"name":"wp","href":"https:\/\/api.w.org\/{rel}","templated":true}]}}